{"id":4869,"date":"2023-07-26T10:43:26","date_gmt":"2023-07-26T07:43:26","guid":{"rendered":"http:\/\/elazigtso.com\/tr\/index.php\/2023\/07\/26\/festivaller\/"},"modified":"2023-07-26T10:43:26","modified_gmt":"2023-07-26T07:43:26","slug":"festivaller","status":"publish","type":"post","link":"https:\/\/elazigtso.org.tr\/tr\/index.php\/2023\/07\/26\/festivaller\/","title":{"rendered":"Festivaller"},"content":{"rendered":"<\/p>\n<div class=\"content-detail\">\n<p>Say\u0131n \u00dcyemiz,<\/p>\n<p>\u0130l Sanayi ve Teknoloji M\u00fcd\u00fcrl\u00fc\u011f\u00fc taraf\u0131ndan Odam\u0131za g\u00f6nderilen yaz\u0131ya atfen,\u00a0Bakanl\u0131\u011f\u0131m\u0131z ve T\u00fcrkiye Teknoloji Tak\u0131m\u0131 Vak\u0131f\u0131 y\u00fcr\u00fct\u00fcc\u00fcl\u00fc\u011f\u00fcnde d\u00fcnyan\u0131n en b\u00fcy\u00fck havac\u0131l\u0131k ve teknoloji festivali, TEKNOFEST 30 A\u011fustos &#8211; 4 Eyl\u00fcl 2022 tarihleri aras\u0131nda Samsun \u00c7ar\u015famba Havaliman\u0131nda d\u00fczenlenecek teknoloji yar\u0131\u015fmalar\u0131 i\u00e7in a\u00e7\u0131lan ba\u015fvurular ile ba\u015flam\u0131\u015f bulunmaktad\u0131r. Teknofest Karadeniz i\u00e7in yar\u0131\u015fmalara son ba\u015fvuru tarihi 28 \u015eubat 2022&#8217;dir., Bu y\u0131l 5&#8217;incisi ger\u00e7ekle\u015ftirilecek havac\u0131l\u0131k ve uzay teknoloji festivali TEKNOFEST&#8217;in bir par\u00e7as\u0131 olmak ve yar\u0131\u015fma ba\u015fvurular\u0131n\u0131 ger\u00e7ekle\u015ftirmek i\u00e7in teknolojiye ilgi duyan gen\u00e7lerimizin ba\u015fvurular\u0131n\u0131 https:\/\/teknofest.org\/tr\/ internet adresine yapacaklard\u0131r. Bu itibarla, TEKNOFEST 2022&#8217;e ve ba\u015fvurular\u0131 ba\u015flayan teknoloji yar\u0131\u015fmalar\u0131na dair haz\u0131rlanan Festival Tan\u0131t\u0131m Metni bit.ly\/Teknofest2022 linkinde yer almaktad\u0131r.<\/p>\n<p>\u00a0<\/p>\n<p>Bu duyuru 625 defa okundu. <\/p>\n<p>Ekleme Tarihi :2022-01-20 04:16:00 <\/p>\n<\/p><\/div>\n","protected":false},"excerpt":{"rendered":"<p>Say\u0131n \u00dcyemiz, \u0130l Sanayi ve Teknoloji M\u00fcd\u00fcrl\u00fc\u011f\u00fc taraf\u0131ndan Odam\u0131za g\u00f6nderilen yaz\u0131ya atfen,\u00a0Bakanl\u0131\u011f\u0131m\u0131z ve T\u00fcrkiye Teknoloji Tak\u0131m\u0131 Vak\u0131f\u0131 y\u00fcr\u00fct\u00fcc\u00fcl\u00fc\u011f\u00fcnde d\u00fcnyan\u0131n en b\u00fcy\u00fck havac\u0131l\u0131k ve teknoloji festivali, TEKNOFEST 30 A\u011fustos &#8211; 4 Eyl\u00fcl 2022 tarihleri aras\u0131nda Samsun \u00c7ar\u015famba Havaliman\u0131nda d\u00fczenlenecek teknoloji yar\u0131\u015fmalar\u0131 i\u00e7in a\u00e7\u0131lan ba\u015fvurular ile ba\u015flam\u0131\u015f bulunmaktad\u0131r. Teknofest Karadeniz i\u00e7in yar\u0131\u015fmalara son ba\u015fvuru tarihi 28 \u015eubat [&hellip;]<\/p>\n","protected":false},"author":1,"featured_media":5650,"comment_status":"open","ping_status":"open","sticky":false,"template":"","format":"standard","meta":{"_jetpack_memberships_contains_paid_content":false,"footnotes":""},"categories":[3],"tags":[],"class_list":["post-4869","post","type-post","status-publish","format-standard","has-post-thumbnail","hentry","category-duyuru"],"jetpack_sharing_enabled":true,"jetpack_featured_media_url":"https:\/\/elazigtso.org.tr\/tr\/wp-content\/uploads\/2023\/07\/logo_news-80.jpg","_links":{"self":[{"href":"https:\/\/elazigtso.org.tr\/tr\/index.php\/wp-json\/wp\/v2\/posts\/4869","targetHints":{"allow":["GET"]}}],"collection":[{"href":"https:\/\/elazigtso.org.tr\/tr\/index.php\/wp-json\/wp\/v2\/posts"}],"about":[{"href":"https:\/\/elazigtso.org.tr\/tr\/index.php\/wp-json\/wp\/v2\/types\/post"}],"author":[{"embeddable":true,"href":"https:\/\/elazigtso.org.tr\/tr\/index.php\/wp-json\/wp\/v2\/users\/1"}],"replies":[{"embeddable":true,"href":"https:\/\/elazigtso.org.tr\/tr\/index.php\/wp-json\/wp\/v2\/comments?post=4869"}],"version-history":[{"count":0,"href":"https:\/\/elazigtso.org.tr\/tr\/index.php\/wp-json\/wp\/v2\/posts\/4869\/revisions"}],"wp:featuredmedia":[{"embeddable":true,"href":"https:\/\/elazigtso.org.tr\/tr\/index.php\/wp-json\/wp\/v2\/media\/5650"}],"wp:attachment":[{"href":"https:\/\/elazigtso.org.tr\/tr\/index.php\/wp-json\/wp\/v2\/media?parent=4869"}],"wp:term":[{"taxonomy":"category","embeddable":true,"href":"https:\/\/elazigtso.org.tr\/tr\/index.php\/wp-json\/wp\/v2\/categories?post=4869"},{"taxonomy":"post_tag","embeddable":true,"href":"https:\/\/elazigtso.org.tr\/tr\/index.php\/wp-json\/wp\/v2\/tags?post=4869"}],"curies":[{"name":"wp","href":"https:\/\/api.w.org\/{rel}","templated":true}]}}