{"id":4863,"date":"2023-07-26T10:39:14","date_gmt":"2023-07-26T07:39:14","guid":{"rendered":"http:\/\/elazigtso.com\/tr\/index.php\/2023\/07\/26\/turkiye-sigorta-sektoru-zirvesi-ve-isbirligi-fuari\/"},"modified":"2023-07-26T10:39:14","modified_gmt":"2023-07-26T07:39:14","slug":"turkiye-sigorta-sektoru-zirvesi-ve-isbirligi-fuari","status":"publish","type":"post","link":"https:\/\/elazigtso.org.tr\/tr\/index.php\/2023\/07\/26\/turkiye-sigorta-sektoru-zirvesi-ve-isbirligi-fuari\/","title":{"rendered":"T\u00fcrkiye Sigorta Sekt\u00f6r\u00fc Zirvesi ve \u0130\u015fbirli\u011fi Fuar\u0131"},"content":{"rendered":"<\/p>\n<div class=\"content-detail\">\n<p style=\"margin-top: 0.85em;margin-bottom: 0.85em;padding: 0px;line-height: inherit;vertical-align: baseline\">Say\u0131n \u00dcyemiz,<\/p>\n<p style=\"margin-top: 0.85em;margin-bottom: 0.85em;padding: 0px;line-height: inherit;vertical-align: baseline\">T\u00fcrkiyeler Odalar ve Borsalar Birli\u011fi\u2019nden (TOBB), Odam\u0131za g\u00f6nderilen yaz\u0131da;\u00a0Bilindi\u011fi \u00fczere, \u00fclkemiz ticaret ve sanayisinin sa\u011fl\u0131kl\u0131 bir \u015fekilde geli\u015febilmesi, tar\u0131m ve hayvanc\u0131l\u0131kta s\u00fcreklili\u011fin sa\u011flanabilmesini teminen sigortac\u0131l\u0131k sekt\u00f6r\u00fcn\u00fcn de geli\u015fmesi b\u00fcy\u00fck \u00f6nem arz etmektedir. Bu bilin\u00e7le Birli\u011fimiz, \u00fclkemiz sigortac\u0131l\u0131k sekt\u00f6r\u00fcn\u00fcn geli\u015fmesi ve toplumda sigorta bilincinin art\u0131r\u0131lmas\u0131na y\u00f6nelik faaliyetlere \u00f6zel \u00f6nem vermekte ve bu husustaki \u00e7al\u0131\u015fmalar\u0131 desteklemektedir.<\/p>\n<p style=\"margin-top: 0.85em;margin-bottom: 0.85em;padding: 0px;line-height: inherit;vertical-align: baseline\">Bu kapsamda, \u00fclkemiz sigortac\u0131l\u0131k sekt\u00f6r\u00fcn\u00fcn geli\u015fimine katk\u0131 sa\u011flamak ve toplumda sigorta bilincinin art\u0131\u015f\u0131na y\u00f6nelik olarak 3-5 Mart 2022 tarihlerinde Antalya&#8217;da Birli\u011fimizin de destekleri ile T\u00fcrkiye Sigorta Sekt\u00f6r\u00fc Zirvesi ve \u0130\u015fbirli\u011fi Fuar\u0131 d\u00fczenlenecektir. S\u00f6z konusu fuara ili\u015fkin davetiye ekte iletilmekte olup, ayr\u0131nt\u0131l\u0131 bilgi ve kat\u0131l\u0131m i\u00e7in &#8220;https:\/\/sigortacilikfuar.com&#8221; adresli internet sayfas\u0131 ziyaret edilmelidir.<\/p>\n<div><\/div>\n<p>\u00a0<\/p>\n<p>Bu duyuru 584 defa okundu. <\/p>\n<p>Ekleme Tarihi :2022-01-19 02:19:00 <\/p>\n<\/p><\/div>\n","protected":false},"excerpt":{"rendered":"<p>Say\u0131n \u00dcyemiz, T\u00fcrkiyeler Odalar ve Borsalar Birli\u011fi\u2019nden (TOBB), Odam\u0131za g\u00f6nderilen yaz\u0131da;\u00a0Bilindi\u011fi \u00fczere, \u00fclkemiz ticaret ve sanayisinin sa\u011fl\u0131kl\u0131 bir \u015fekilde geli\u015febilmesi, tar\u0131m ve hayvanc\u0131l\u0131kta s\u00fcreklili\u011fin sa\u011flanabilmesini teminen sigortac\u0131l\u0131k sekt\u00f6r\u00fcn\u00fcn de geli\u015fmesi b\u00fcy\u00fck \u00f6nem arz etmektedir. Bu bilin\u00e7le Birli\u011fimiz, \u00fclkemiz sigortac\u0131l\u0131k sekt\u00f6r\u00fcn\u00fcn geli\u015fmesi ve toplumda sigorta bilincinin art\u0131r\u0131lmas\u0131na y\u00f6nelik faaliyetlere \u00f6zel \u00f6nem vermekte ve bu husustaki \u00e7al\u0131\u015fmalar\u0131 [&hellip;]<\/p>\n","protected":false},"author":1,"featured_media":5650,"comment_status":"open","ping_status":"open","sticky":false,"template":"","format":"standard","meta":{"_jetpack_memberships_contains_paid_content":false,"footnotes":""},"categories":[3],"tags":[],"class_list":["post-4863","post","type-post","status-publish","format-standard","has-post-thumbnail","hentry","category-duyuru"],"jetpack_sharing_enabled":true,"jetpack_featured_media_url":"https:\/\/elazigtso.org.tr\/tr\/wp-content\/uploads\/2023\/07\/logo_news-80.jpg","_links":{"self":[{"href":"https:\/\/elazigtso.org.tr\/tr\/index.php\/wp-json\/wp\/v2\/posts\/4863","targetHints":{"allow":["GET"]}}],"collection":[{"href":"https:\/\/elazigtso.org.tr\/tr\/index.php\/wp-json\/wp\/v2\/posts"}],"about":[{"href":"https:\/\/elazigtso.org.tr\/tr\/index.php\/wp-json\/wp\/v2\/types\/post"}],"author":[{"embeddable":true,"href":"https:\/\/elazigtso.org.tr\/tr\/index.php\/wp-json\/wp\/v2\/users\/1"}],"replies":[{"embeddable":true,"href":"https:\/\/elazigtso.org.tr\/tr\/index.php\/wp-json\/wp\/v2\/comments?post=4863"}],"version-history":[{"count":0,"href":"https:\/\/elazigtso.org.tr\/tr\/index.php\/wp-json\/wp\/v2\/posts\/4863\/revisions"}],"wp:featuredmedia":[{"embeddable":true,"href":"https:\/\/elazigtso.org.tr\/tr\/index.php\/wp-json\/wp\/v2\/media\/5650"}],"wp:attachment":[{"href":"https:\/\/elazigtso.org.tr\/tr\/index.php\/wp-json\/wp\/v2\/media?parent=4863"}],"wp:term":[{"taxonomy":"category","embeddable":true,"href":"https:\/\/elazigtso.org.tr\/tr\/index.php\/wp-json\/wp\/v2\/categories?post=4863"},{"taxonomy":"post_tag","embeddable":true,"href":"https:\/\/elazigtso.org.tr\/tr\/index.php\/wp-json\/wp\/v2\/tags?post=4863"}],"curies":[{"name":"wp","href":"https:\/\/api.w.org\/{rel}","templated":true}]}}