{"id":4854,"date":"2023-07-26T10:33:14","date_gmt":"2023-07-26T07:33:14","guid":{"rendered":"http:\/\/elazigtso.com\/tr\/index.php\/2023\/07\/26\/mesleki-egitim-merkezi-programina-ilk-kayit-tarihinin-uzatilmasi\/"},"modified":"2023-07-26T10:33:14","modified_gmt":"2023-07-26T07:33:14","slug":"mesleki-egitim-merkezi-programina-ilk-kayit-tarihinin-uzatilmasi","status":"publish","type":"post","link":"https:\/\/elazigtso.org.tr\/tr\/index.php\/2023\/07\/26\/mesleki-egitim-merkezi-programina-ilk-kayit-tarihinin-uzatilmasi\/","title":{"rendered":"Mesleki E\u011fitim Merkezi Program\u0131na \u0130lk Kay\u0131t Tarihinin Uzat\u0131lmas\u0131"},"content":{"rendered":"<\/p>\n<div class=\"content-detail\">\n<p style=\"margin-bottom: 1.71429rem;padding: 0px;border: 0px;vertical-align: baseline;line-height: 1.71429\">Mesleki ve Teknik E\u011fitim Genel M\u00fcd\u00fcrl\u00fc\u011f\u00fc;<\/p>\n<p style=\"margin-bottom: 1.71429rem;padding: 0px;border: 0px;vertical-align: baseline;line-height: 1.71429\">Mesleki e\u011fitim merkezi program\u0131na \u00f6\u011frenci kay\u0131t, nakil ve ge\u00e7i\u015fleri hakk\u0131ndaki ilgi (b) yaz\u0131m\u0131z<br \/>\nile ilgi (a) Y\u00f6netmelik h\u00fck\u00fcmleri \u00e7er\u00e7evesinde mesleki e\u011fitim merkezi program\u0131na ilk kay\u0131t ile nakil ve<br \/>\nge\u00e7i\u015f tarihleri a\u00e7\u0131klanm\u0131\u015ft\u0131r.\n<\/p>\n<p style=\"margin-bottom: 1.71429rem;padding: 0px;border: 0px;vertical-align: baseline;line-height: 1.71429\">\u0130lgi (b) yaz\u0131m\u0131zda \u00f6zetle: \u0130lgi (a) Y\u00f6netmeli\u011fin &#8220;Kay\u0131t \u0130\u015flemleri&#8221; ba\u015fl\u0131kl\u0131 22 nci maddesinin<br \/>\ndokuzuncu f\u0131kras\u0131 kapsam\u0131nda, mesleki e\u011fitim merkezi program\u0131na ilk defa kay\u0131t olacaklar\u0131n aral\u0131k<br \/>\nay\u0131n\u0131n son i\u015f g\u00fcn\u00fcne kadar kay\u0131t yapt\u0131rmalar\u0131 halinde e\u011fitimlerine mevcut s\u0131n\u0131flar\u0131nda d\u00f6nem<br \/>\nkaybetmeden devam edecekleri belirtilmi\u015ftir.\n<\/p>\n<p style=\"margin-bottom: 1.71429rem;padding: 0px;border: 0px;vertical-align: baseline;line-height: 1.71429\">Ancak, mesleki e\u011fitim merkezi program\u0131na ilk defa kay\u0131t olmak isteyenler \u00f6\u011frenciler ile kalfal\u0131k<br \/>\nbelgesi olup en az ilk\u00f6\u011fretim mezunu veya ortaokul\/imam hatip ortaokulunu bitirmi\u015f ve mesleki e\u011fitim<br \/>\nmerkezi program\u0131n\u0131n 12 nci s\u0131n\u0131f\u0131na kay\u0131t olmak isteyen \u00f6\u011frencilerin kay\u0131t s\u00fcresinin uzat\u0131lmas\u0131 y\u00f6n\u00fcnde<br \/>\nGenel M\u00fcd\u00fcrl\u00fc\u011f\u00fcm\u00fcze \u00e7ok fazla talep gelmektedir.\n<\/p>\n<p style=\"margin-bottom: 1.71429rem;padding: 0px;border: 0px;vertical-align: baseline;line-height: 1.71429\">Bu kapsamda yap\u0131lan de\u011ferlendirme neticesinde, 2021-2022 e\u011fitim ve \u00f6\u011fretim y\u0131l\u0131 ile s\u0131n\u0131rl\u0131<br \/>\nolmak \u00fczere mesleki e\u011fitim merkezi program\u0131na ilk defa kay\u0131t olacak \u00f6\u011frenciler ile kalfal\u0131k belgesi olup<br \/>\nen az ilk\u00f6\u011fretim mezunu veya ortaokul\/imam hatip ortaokulunu bitirmi\u015f ve mesleki e\u011fitim merkezi<br \/>\nprogram\u0131n\u0131n 12 nci s\u0131n\u0131f\u0131na kay\u0131t olmak isteyen \u00f6\u011frencilerin kay\u0131t tarihleri ikinci d\u00f6neminin<br \/>\nba\u015flang\u0131c\u0131na (4 \u015eubat 2022) kadar uzat\u0131lm\u0131\u015ft\u0131r.<\/p>\n<p style=\"margin-bottom: 1.71429rem;padding: 0px;border: 0px;vertical-align: baseline;line-height: 1.71429\"><\/p>\n<p style=\"margin-bottom: 1.71429rem;padding: 0px;border: 0px;vertical-align: baseline;line-height: 1.71429\"><\/p>\n<\/p>\n<p>\u00a0<\/p>\n<p>Bu duyuru 897 defa okundu. <\/p>\n<p>Ekleme Tarihi :2022-01-12 10:52:00 <\/p>\n<\/p><\/div>\n","protected":false},"excerpt":{"rendered":"<p>Mesleki ve Teknik E\u011fitim Genel M\u00fcd\u00fcrl\u00fc\u011f\u00fc; Mesleki e\u011fitim merkezi program\u0131na \u00f6\u011frenci kay\u0131t, nakil ve ge\u00e7i\u015fleri hakk\u0131ndaki ilgi (b) yaz\u0131m\u0131z ile ilgi (a) Y\u00f6netmelik h\u00fck\u00fcmleri \u00e7er\u00e7evesinde mesleki e\u011fitim merkezi program\u0131na ilk kay\u0131t ile nakil ve ge\u00e7i\u015f tarihleri a\u00e7\u0131klanm\u0131\u015ft\u0131r. \u0130lgi (b) yaz\u0131m\u0131zda \u00f6zetle: \u0130lgi (a) Y\u00f6netmeli\u011fin &#8220;Kay\u0131t \u0130\u015flemleri&#8221; ba\u015fl\u0131kl\u0131 22 nci maddesinin dokuzuncu f\u0131kras\u0131 kapsam\u0131nda, mesleki e\u011fitim [&hellip;]<\/p>\n","protected":false},"author":1,"featured_media":5650,"comment_status":"open","ping_status":"open","sticky":false,"template":"","format":"standard","meta":{"_jetpack_memberships_contains_paid_content":false,"footnotes":""},"categories":[3],"tags":[],"class_list":["post-4854","post","type-post","status-publish","format-standard","has-post-thumbnail","hentry","category-duyuru"],"jetpack_sharing_enabled":true,"jetpack_featured_media_url":"https:\/\/elazigtso.org.tr\/tr\/wp-content\/uploads\/2023\/07\/logo_news-80.jpg","_links":{"self":[{"href":"https:\/\/elazigtso.org.tr\/tr\/index.php\/wp-json\/wp\/v2\/posts\/4854","targetHints":{"allow":["GET"]}}],"collection":[{"href":"https:\/\/elazigtso.org.tr\/tr\/index.php\/wp-json\/wp\/v2\/posts"}],"about":[{"href":"https:\/\/elazigtso.org.tr\/tr\/index.php\/wp-json\/wp\/v2\/types\/post"}],"author":[{"embeddable":true,"href":"https:\/\/elazigtso.org.tr\/tr\/index.php\/wp-json\/wp\/v2\/users\/1"}],"replies":[{"embeddable":true,"href":"https:\/\/elazigtso.org.tr\/tr\/index.php\/wp-json\/wp\/v2\/comments?post=4854"}],"version-history":[{"count":0,"href":"https:\/\/elazigtso.org.tr\/tr\/index.php\/wp-json\/wp\/v2\/posts\/4854\/revisions"}],"wp:featuredmedia":[{"embeddable":true,"href":"https:\/\/elazigtso.org.tr\/tr\/index.php\/wp-json\/wp\/v2\/media\/5650"}],"wp:attachment":[{"href":"https:\/\/elazigtso.org.tr\/tr\/index.php\/wp-json\/wp\/v2\/media?parent=4854"}],"wp:term":[{"taxonomy":"category","embeddable":true,"href":"https:\/\/elazigtso.org.tr\/tr\/index.php\/wp-json\/wp\/v2\/categories?post=4854"},{"taxonomy":"post_tag","embeddable":true,"href":"https:\/\/elazigtso.org.tr\/tr\/index.php\/wp-json\/wp\/v2\/tags?post=4854"}],"curies":[{"name":"wp","href":"https:\/\/api.w.org\/{rel}","templated":true}]}}