{"id":4844,"date":"2023-07-26T10:23:30","date_gmt":"2023-07-26T07:23:30","guid":{"rendered":"http:\/\/elazigtso.com\/tr\/index.php\/2023\/07\/26\/23-mostar-uluslararasi-ekonomi-fuari\/"},"modified":"2023-07-26T10:23:30","modified_gmt":"2023-07-26T07:23:30","slug":"23-mostar-uluslararasi-ekonomi-fuari","status":"publish","type":"post","link":"https:\/\/elazigtso.org.tr\/tr\/index.php\/2023\/07\/26\/23-mostar-uluslararasi-ekonomi-fuari\/","title":{"rendered":"23. Mostar Uluslararas\u0131 Ekonomi Fuar\u0131"},"content":{"rendered":"<\/p>\n<div class=\"content-detail\">\n<p style=\"padding: 0px 0px 1em;margin-bottom: 0px;border: 0px none\">Say\u0131n \u00dcyemiz,<\/p>\n<p style=\"padding: 0px 0px 1em;margin-bottom: 0px;border: 0px none\">T\u00fcrkiye Odalar ve Borsalar Birli\u011fi\u2019nden Odam\u0131za gelen yaz\u0131da,<\/p>\n<p style=\"padding: 0px 0px 1em;margin-bottom: 0px;border: 0px none\">D\u0131\u015fi\u015fleri Bakanl\u0131\u011f\u0131\u2019n\u0131n 22.12.2021 tarih ve 33680026 say\u0131l\u0131 ilgi yaz\u0131da, Macaristan\u2019\u0131n payda\u015f \u00fclke olarak kat\u0131l\u0131m\u0131yla, 5-9 Nisan 2022 tarihlerinde d\u00fczenlenecek 23. Mostar Uluslararas\u0131 Ekonomi Fuar\u0131 ile ilgili bilgi verilmekte olup, s\u00f6z konusu Fuar\u0131n kat\u0131l\u0131m formu ekte iletilmektedir.<\/p>\n<p style=\"padding: 0px 0px 1em;margin-bottom: 0px;border: 0px none\">Son olarak \u00fclkemiz, 12-16 Nisan 2016 tarihlerinde d\u00fczenlenen 19. Mostar Uluslararas\u0131 Ekonomi Fuar\u0131\u2019na ortak \u00fclke s\u0131fat\u0131yla i\u015ftirak etmi\u015f olup, 9-13 Nisan 2019 tarihleri aras\u0131nda ger\u00e7ekle\u015ftirilen 22. Mostar Uluslararas\u0131 Ekonomi Fuar\u0131\u2019na, \u00c7in Halk Cumhuriyeti (\u00c7HC) payda\u015f \u00fclke olarak kat\u0131l\u0131m sa\u011flam\u0131\u015ft\u0131r.<\/p>\n<p style=\"padding: 0px 0px 1em;margin-bottom: 0px;border: 0px none\">Sayg\u0131lar\u0131m\u0131zla,<\/p>\n<p style=\"padding: 0px 0px 1em;margin-bottom: 0px;border: 0px none\"><a href=\"http:\/\/www.elazigtso.org.tr\/public\/docs_oda\/duyuru\/13.01\/23_Mostar_Uluslararasi_Ekonomi_Fuar.pdf\" target=\"_blank\" rel=\"noopener\">Ek Dosya:\u00a023. Mostar Uluslararas\u0131 Ekonomi Fuar\u0131\u00a0<\/a><\/p>\n<p>\u00a0<\/p>\n<p>Bu duyuru 477 defa okundu. <\/p>\n<p>Ekleme Tarihi :2022-01-10 10:28:00 <\/p>\n<\/p><\/div>\n","protected":false},"excerpt":{"rendered":"<p>Say\u0131n \u00dcyemiz, T\u00fcrkiye Odalar ve Borsalar Birli\u011fi\u2019nden Odam\u0131za gelen yaz\u0131da, D\u0131\u015fi\u015fleri Bakanl\u0131\u011f\u0131\u2019n\u0131n 22.12.2021 tarih ve 33680026 say\u0131l\u0131 ilgi yaz\u0131da, Macaristan\u2019\u0131n payda\u015f \u00fclke olarak kat\u0131l\u0131m\u0131yla, 5-9 Nisan 2022 tarihlerinde d\u00fczenlenecek 23. Mostar Uluslararas\u0131 Ekonomi Fuar\u0131 ile ilgili bilgi verilmekte olup, s\u00f6z konusu Fuar\u0131n kat\u0131l\u0131m formu ekte iletilmektedir. Son olarak \u00fclkemiz, 12-16 Nisan 2016 tarihlerinde d\u00fczenlenen 19. [&hellip;]<\/p>\n","protected":false},"author":1,"featured_media":5650,"comment_status":"open","ping_status":"open","sticky":false,"template":"","format":"standard","meta":{"_jetpack_memberships_contains_paid_content":false,"footnotes":""},"categories":[3],"tags":[],"class_list":["post-4844","post","type-post","status-publish","format-standard","has-post-thumbnail","hentry","category-duyuru"],"jetpack_sharing_enabled":true,"jetpack_featured_media_url":"https:\/\/elazigtso.org.tr\/tr\/wp-content\/uploads\/2023\/07\/logo_news-80.jpg","_links":{"self":[{"href":"https:\/\/elazigtso.org.tr\/tr\/index.php\/wp-json\/wp\/v2\/posts\/4844","targetHints":{"allow":["GET"]}}],"collection":[{"href":"https:\/\/elazigtso.org.tr\/tr\/index.php\/wp-json\/wp\/v2\/posts"}],"about":[{"href":"https:\/\/elazigtso.org.tr\/tr\/index.php\/wp-json\/wp\/v2\/types\/post"}],"author":[{"embeddable":true,"href":"https:\/\/elazigtso.org.tr\/tr\/index.php\/wp-json\/wp\/v2\/users\/1"}],"replies":[{"embeddable":true,"href":"https:\/\/elazigtso.org.tr\/tr\/index.php\/wp-json\/wp\/v2\/comments?post=4844"}],"version-history":[{"count":0,"href":"https:\/\/elazigtso.org.tr\/tr\/index.php\/wp-json\/wp\/v2\/posts\/4844\/revisions"}],"wp:featuredmedia":[{"embeddable":true,"href":"https:\/\/elazigtso.org.tr\/tr\/index.php\/wp-json\/wp\/v2\/media\/5650"}],"wp:attachment":[{"href":"https:\/\/elazigtso.org.tr\/tr\/index.php\/wp-json\/wp\/v2\/media?parent=4844"}],"wp:term":[{"taxonomy":"category","embeddable":true,"href":"https:\/\/elazigtso.org.tr\/tr\/index.php\/wp-json\/wp\/v2\/categories?post=4844"},{"taxonomy":"post_tag","embeddable":true,"href":"https:\/\/elazigtso.org.tr\/tr\/index.php\/wp-json\/wp\/v2\/tags?post=4844"}],"curies":[{"name":"wp","href":"https:\/\/api.w.org\/{rel}","templated":true}]}}