{"id":4841,"date":"2023-07-26T10:17:27","date_gmt":"2023-07-26T07:17:27","guid":{"rendered":"http:\/\/elazigtso.com\/tr\/index.php\/2023\/07\/26\/mesleki-egitim-desteklerinin-artirilmasi\/"},"modified":"2023-07-26T10:17:27","modified_gmt":"2023-07-26T07:17:27","slug":"mesleki-egitim-desteklerinin-artirilmasi","status":"publish","type":"post","link":"https:\/\/elazigtso.org.tr\/tr\/index.php\/2023\/07\/26\/mesleki-egitim-desteklerinin-artirilmasi\/","title":{"rendered":"Mesleki E\u011fitim Desteklerinin Art\u0131r\u0131lmas\u0131"},"content":{"rendered":"<\/p>\n<div class=\"content-detail\">\n<p style=\"margin-bottom: 0px\">Say\u0131n \u00dcyemiz,<\/p>\n<p style=\"margin-bottom: 0px\"><\/p>\n<p style=\"margin-bottom: 0px\">25 Aral\u0131k 2021 tarihli 31700 say\u0131l\u0131 Resmi Gazete&#8217;de Baz\u0131 Kanunlarda De\u011fi\u015fiklik Yap\u0131lmas\u0131na Dair 7346 say\u0131l\u0131 Kanun yay\u0131mlanm\u0131\u015f olup bu kanunun;<\/p>\n<ul style=\"margin-top: 10px;margin-right: 0px;margin-left: 0px;text-align: justify\">\n<li>12&#8217;nci maddesi ile 3308 say\u0131l\u0131 Mesleki E\u011fitim Kanunu&#8217;nun 25&#8217;inci maddesinin birinci f\u0131kras\u0131n\u0131n ikinci c\u00fcmlesine &#8220;aday \u00e7\u0131rak ve \u00e7\u0131ra\u011fa ya\u015f\u0131na uygun asgari \u00fccretin y\u00fczde otuzundan&#8221; ibaresinden sonra gelmek \u00fczere &#8220;kalfal\u0131k yeterli\u011fini kazanan mesleki e\u011fitim merkezi 12&#8217;nci s\u0131n\u0131f \u00f6\u011frencilerine asgari \u00fccretin y\u00fczde ellisinden&#8221; ibaresi eklenmi\u015ftir.<\/li>\n<\/ul>\n<ul style=\"margin-top: 10px;margin-right: 0px;margin-left: 0px;text-align: justify\">\n<li>14&#8217;\u00fcnc\u00fc maddesi ile 3308 say\u0131l\u0131 Kanunun ge\u00e7ici 12&#8217;nci maddesinin birinci f\u0131kras\u0131 a\u015fa\u011f\u0131daki \u015fekilde de\u011fi\u015ftirilmi\u015f ve maddeye birinci f\u0131kras\u0131ndan sonra gelmek \u00fczere a\u015fa\u011f\u0131daki f\u0131kralar eklenmi\u015ftir:<\/li>\n<\/ul>\n<ul style=\"margin-top: 10px;margin-right: 0px;margin-left: 0px;text-align: justify\">\n<li>&#8220;2016-2017 e\u011fitim ve \u00f6\u011fretim y\u0131l\u0131 sonuna kadar uygulanmak \u00fczere aday \u00e7\u0131rak ve \u00e7\u0131raklar ile 18&#8221;inci madde h\u00fck\u00fcmleri uyar\u0131nca i\u015fletmelerde mesleki e\u011fitim g\u00f6ren, staj veya tamamlay\u0131c\u0131 e\u011fitime devam eden \u00f6\u011frencilere, 25&#8217;inci maddenin birinci f\u0131kras\u0131 kapsam\u0131nda yap\u0131lacak \u00f6demeler asgari \u00fccretin net tutar\u0131n\u0131n y\u00fczde otuzundan, kalfal\u0131k yeterli\u011fini kazanan mesleki e\u011fitim merkezi 12&#8217;nci s\u0131n\u0131f \u00f6\u011frencilerine yap\u0131lacak \u00f6demeler asgari \u00fccretin y\u00fczde ellisinden az olamaz. Mesleki e\u011fitim merkezi program\u0131 d\u0131\u015f\u0131ndaki okul ve kurumlarda \u00f6\u011frenim g\u00f6ren \u00f6\u011frencilere \u00f6denebilecek en az \u00fccretin; yirmiden az personel \u00e7al\u0131\u015ft\u0131ran i\u015fletmeler i\u00e7in \u00fc\u00e7te ikisi, yirmi ve \u00fczerinde personel \u00e7al\u0131\u015ft\u0131ran i\u015fletmeler i\u00e7in \u00fc\u00e7te biri; mesleki e\u011fitim merkezi program\u0131na devam eden \u00f6\u011frencilere \u00f6denebilecek en az \u00fccretin ise tamam\u0131 25\/8\/1999 tarihli ve 4447 say\u0131l\u0131 \u0130\u015fsizlik Sigortas\u0131 Kanununun 53 \u00fcnc\u00fc maddesinin \u00fc\u00e7\u00fcnc\u00fc f\u0131kras\u0131n\u0131n (B) bendinin (h) alt bendi i\u00e7in ayr\u0131lan tutardan Devlet katk\u0131s\u0131 olarak \u00f6denir. Bu kapsamda yap\u0131lacak \u00f6demeleri on e\u011fitim ve \u00f6\u011fretim y\u0131l\u0131na kadar uzatmaya Cumhurba\u015fkan\u0131 yetkilidir. Staj yapacak i\u015fletme bulunamamas\u0131 nedeniyle staj\u0131n\u0131 okulda yapan orta\u00f6\u011fretim \u00f6\u011frencileri ile \u00f6\u011fretim program\u0131 gere\u011fi staj yapmak zorunda olmayan y\u00fcksek\u00f6\u011fretim \u00f6\u011frencilerinin yapt\u0131klar\u0131 stajlar bu f\u0131kra h\u00fckm\u00fc kapsam\u0131 d\u0131\u015f\u0131ndad\u0131r. Kamu kurum ve kurulu\u015flar\u0131na Devlet katk\u0131s\u0131 \u00f6denmez.&#8221;<\/li>\n<\/ul>\n<ul style=\"margin-top: 10px;margin-right: 0px;margin-left: 0px;text-align: justify\">\n<li>&#8220;Bu madde uyar\u0131nca \u00f6denen Devlet katk\u0131s\u0131 \u00f6demenin yap\u0131ld\u0131\u011f\u0131 tarihi takip eden iki ay i\u00e7erisinde \u00c7al\u0131\u015fma ve Sosyal G\u00fcvenlik Bakanl\u0131\u011f\u0131 b\u00fct\u00e7esinden \u0130\u015fsizlik Sigortas\u0131 Fonuna aktar\u0131l\u0131r.&#8221;<\/li>\n<\/ul>\n<ul style=\"margin-top: 10px;margin-right: 0px;margin-left: 0px;text-align: justify\">\n<li>Birinci f\u0131krada bu f\u0131kray\u0131 d\u00fczenleyen Kanunla yap\u0131lan de\u011fi\u015fiklikler sebebiyle 2021-2022 e\u011fitim ve \u00f6\u011fretim y\u0131l\u0131ndan \u00f6nceki d\u00f6neme ili\u015fkin ge\u00e7mi\u015fe d\u00f6n\u00fck olarak herhangi bir \u00fccret veya Devlet katk\u0131s\u0131 \u00f6demesi yap\u0131lmaz.&#8221;<\/li>\n<\/ul>\n<div>\n<p style=\"margin-bottom: 0px\">Buna g\u00f6re Mesleki E\u011fitim Kanunu&#8217;nda yap\u0131lan d\u00fczenlemeler ile:<\/p>\n<ul style=\"margin-top: 10px;margin-right: 0px;margin-left: 0px;text-align: justify\">\n<li>Kanun&#8217;un 25&#8217;inci maddesinde belirtilen en alt \u00fccret tutarlar\u0131 bu maddenin uygulanma s\u00fcresinin Cumhurba\u015fkan\u0131&#8217;nca uzat\u0131ld\u0131\u011f\u0131 s\u00fcre boyunca i\u015fletmelerde mesleki e\u011fitim g\u00f6ren, staj veya tamamlay\u0131c\u0131 e\u011fitime devam eden \u00f6\u011frenciler i\u00e7in asgari \u00fccretin net tutar\u0131n\u0131n y\u00fczde otuzundan az olamayaca\u011f\u0131,<\/li>\n<\/ul>\n<ul style=\"margin-top: 10px;margin-right: 0px;margin-left: 0px;text-align: justify\">\n<li>Mesleki e\u011fitim merkezlerinde \u00f6\u011frenim g\u00f6ren \u00f6\u011frencilere i\u015fletmeler taraf\u0131ndan \u00f6denebilecek en az \u00fccretin tamam\u0131n\u0131n devlet katk\u0131s\u0131 olarak \u00f6denmesi,<\/li>\n<\/ul>\n<ul style=\"margin-top: 10px;margin-right: 0px;margin-left: 0px\">\n<li>\u0130\u015fletmelerde beceri e\u011fitimi ve staj yapan \u00f6\u011frencilere i\u015fletmeler taraf\u0131ndan \u00f6denecek \u00fccretlere y\u00f6nelik Devlet katk\u0131s\u0131 \u00f6deme s\u00fcresinin be\u015f y\u0131l daha uzat\u0131lmas\u0131 yetkisi Cumhurba\u015fkan\u0131&#8217;na verilmesi d\u00fczenlemeleri yap\u0131lm\u0131\u015ft\u0131r.<\/li>\n<\/ul>\n<div style=\"text-align: justify\">\n<p style=\"margin-bottom: 0px\">Bununla birlikte; i\u015fletmelerde beceri e\u011fitimi ve staj yapan \u00f6\u011frencilerin alacaklar\u0131 \u00fccretlerin alt limitlerini d\u00fczenleyen maddesinde de\u011fi\u015fikli\u011fe gidilmi\u015f ve kalfal\u0131k yeterli\u011fini kazanan mesleki e\u011fitim merkezi 12. s\u0131n\u0131f \u00f6\u011frencilerine i\u015fletmeler taraf\u0131ndan \u00f6denebilecek en az \u00fccret asgari \u00fccretin net tutar\u0131n\u0131n y\u00fczde ellisi olarak tespit edilmi\u015ftir. Kalfal\u0131k yeterliliklerine sahip 12. s\u0131n\u0131f \u00f6\u011frencilerinin, 9, 10 ve 11. s\u0131n\u0131f \u00f6\u011frencilerine g\u00f6re i\u015fletmeye daha fazla katk\u0131 sa\u011flad\u0131klar\u0131 dikkate al\u0131narak bu \u00f6\u011frencilere farkl\u0131 \u00fccret uygulanmas\u0131 amac\u0131yla bu d\u00fczenleme yap\u0131lm\u0131\u015f olup, d\u00fczenleme ile birlikte mesleki e\u011fitim merkezine devam eden 9, 10 ve 11. s\u0131n\u0131f \u00f6\u011frencilerine asgari \u00fccretin net tutar\u0131n\u0131n en az y\u00fczde otuzu, 12. s\u0131n\u0131f \u00f6\u011frencilerine ise asgari \u00fccretin net tutar\u0131n\u0131n en az y\u00fczde ellisi \u00f6denmesi sa\u011flanm\u0131\u015ft\u0131r.<\/p>\n<\/div>\n<\/div>\n<p>\u00a0<\/p>\n<p>Bu duyuru 612 defa okundu. <\/p>\n<p>Ekleme Tarihi :2022-01-10 03:31:00 <\/p>\n<\/p><\/div>\n","protected":false},"excerpt":{"rendered":"<p>Say\u0131n \u00dcyemiz, 25 Aral\u0131k 2021 tarihli 31700 say\u0131l\u0131 Resmi Gazete&#8217;de Baz\u0131 Kanunlarda De\u011fi\u015fiklik Yap\u0131lmas\u0131na Dair 7346 say\u0131l\u0131 Kanun yay\u0131mlanm\u0131\u015f olup bu kanunun; 12&#8217;nci maddesi ile 3308 say\u0131l\u0131 Mesleki E\u011fitim Kanunu&#8217;nun 25&#8217;inci maddesinin birinci f\u0131kras\u0131n\u0131n ikinci c\u00fcmlesine &#8220;aday \u00e7\u0131rak ve \u00e7\u0131ra\u011fa ya\u015f\u0131na uygun asgari \u00fccretin y\u00fczde otuzundan&#8221; ibaresinden sonra gelmek \u00fczere &#8220;kalfal\u0131k yeterli\u011fini kazanan mesleki e\u011fitim [&hellip;]<\/p>\n","protected":false},"author":1,"featured_media":5650,"comment_status":"open","ping_status":"open","sticky":false,"template":"","format":"standard","meta":{"_jetpack_memberships_contains_paid_content":false,"footnotes":""},"categories":[3],"tags":[],"class_list":["post-4841","post","type-post","status-publish","format-standard","has-post-thumbnail","hentry","category-duyuru"],"jetpack_sharing_enabled":true,"jetpack_featured_media_url":"https:\/\/elazigtso.org.tr\/tr\/wp-content\/uploads\/2023\/07\/logo_news-80.jpg","_links":{"self":[{"href":"https:\/\/elazigtso.org.tr\/tr\/index.php\/wp-json\/wp\/v2\/posts\/4841","targetHints":{"allow":["GET"]}}],"collection":[{"href":"https:\/\/elazigtso.org.tr\/tr\/index.php\/wp-json\/wp\/v2\/posts"}],"about":[{"href":"https:\/\/elazigtso.org.tr\/tr\/index.php\/wp-json\/wp\/v2\/types\/post"}],"author":[{"embeddable":true,"href":"https:\/\/elazigtso.org.tr\/tr\/index.php\/wp-json\/wp\/v2\/users\/1"}],"replies":[{"embeddable":true,"href":"https:\/\/elazigtso.org.tr\/tr\/index.php\/wp-json\/wp\/v2\/comments?post=4841"}],"version-history":[{"count":0,"href":"https:\/\/elazigtso.org.tr\/tr\/index.php\/wp-json\/wp\/v2\/posts\/4841\/revisions"}],"wp:featuredmedia":[{"embeddable":true,"href":"https:\/\/elazigtso.org.tr\/tr\/index.php\/wp-json\/wp\/v2\/media\/5650"}],"wp:attachment":[{"href":"https:\/\/elazigtso.org.tr\/tr\/index.php\/wp-json\/wp\/v2\/media?parent=4841"}],"wp:term":[{"taxonomy":"category","embeddable":true,"href":"https:\/\/elazigtso.org.tr\/tr\/index.php\/wp-json\/wp\/v2\/categories?post=4841"},{"taxonomy":"post_tag","embeddable":true,"href":"https:\/\/elazigtso.org.tr\/tr\/index.php\/wp-json\/wp\/v2\/tags?post=4841"}],"curies":[{"name":"wp","href":"https:\/\/api.w.org\/{rel}","templated":true}]}}