{"id":4815,"date":"2023-07-26T09:53:42","date_gmt":"2023-07-26T06:53:42","guid":{"rendered":"http:\/\/elazigtso.com\/tr\/index.php\/2023\/07\/26\/irak-uluslararasi-emlak-yatirim-fuari\/"},"modified":"2023-07-26T09:53:42","modified_gmt":"2023-07-26T06:53:42","slug":"irak-uluslararasi-emlak-yatirim-fuari","status":"publish","type":"post","link":"https:\/\/elazigtso.org.tr\/tr\/index.php\/2023\/07\/26\/irak-uluslararasi-emlak-yatirim-fuari\/","title":{"rendered":"Irak Uluslararas\u0131 Emlak Yat\u0131r\u0131m Fuar\u0131"},"content":{"rendered":"<\/p>\n<div class=\"content-detail\">\n<p style=\"margin-right: auto;margin-bottom: 26px;margin-left: auto;line-height: 1.8 !important\">Say\u0131n \u00dcyemiz,<\/p>\n<p style=\"margin-right: auto;margin-bottom: 26px;margin-left: auto;line-height: 1.8 !important\">Ticaret Bakanl\u0131\u011f\u0131\u2019n\u0131n 28.12.2021 tarihli ve E-79087322-724.01.99-00070416558 say\u0131l\u0131 yaz\u0131s\u0131nda, Irak D\u0131\u015fi\u015fleri Bakanl\u0131\u011f\u0131 taraf\u0131ndan, \u201cIrak Uluslararas\u0131 Emlak Yat\u0131r\u0131m Fuar\u0131\u201dn\u0131n Ba\u011fdat Uluslararas\u0131 Fuar Alan\u0131nda, 28-31 Mart 2022 tarihleri aras\u0131nda, Uluslararas\u0131 Mecdulamal Konferanslar ve Fuarlar D\u00fczenleme \u015eirketi ve Irak Fuarlar ve Ticari Hizmetler Genel \u015eirketi koordinasyonunda d\u00fczenlenece\u011fi bildirilmektedir.<\/p>\n<p style=\"margin-right: auto;margin-bottom: 26px;margin-left: auto;line-height: 1.8 !important\">Yaz\u0131da devamla, fuar\u0131n organizasyonunu \u00fcstlenen \u201cUluslararas\u0131 Mecdulamal Konferanslar ve Fuarlar D\u00fczenleme \u015eirketi\u201d ile a\u015fa\u011f\u0131da kay\u0131tl\u0131 irtibat bilgileri \u00fczerinden ileti\u015fime ge\u00e7ilebilece\u011fi belirtilmektedir:<\/p>\n<p style=\"margin-right: auto;margin-bottom: 26px;margin-left: auto;line-height: 1.8 !important\">E-posta : eng.shahal2016@gmail.com \/ info@bg-iq.net<\/p>\n<p style=\"margin-right: auto;margin-bottom: 26px;margin-left: auto;line-height: 1.8 !important\">Telefon : +964 790 5984770 \/ +964 771 278919<\/p>\n<p style=\"margin-right: auto;margin-bottom: 26px;margin-left: auto;line-height: 1.8 !important\">Bilgilerinize sunar\u0131z.<\/p>\n<p>\u00a0<\/p>\n<p>Bu duyuru 361 defa okundu. <\/p>\n<p>Ekleme Tarihi :2021-12-30 10:27:00 <\/p>\n<\/p><\/div>\n","protected":false},"excerpt":{"rendered":"<p>Say\u0131n \u00dcyemiz, Ticaret Bakanl\u0131\u011f\u0131\u2019n\u0131n 28.12.2021 tarihli ve E-79087322-724.01.99-00070416558 say\u0131l\u0131 yaz\u0131s\u0131nda, Irak D\u0131\u015fi\u015fleri Bakanl\u0131\u011f\u0131 taraf\u0131ndan, \u201cIrak Uluslararas\u0131 Emlak Yat\u0131r\u0131m Fuar\u0131\u201dn\u0131n Ba\u011fdat Uluslararas\u0131 Fuar Alan\u0131nda, 28-31 Mart 2022 tarihleri aras\u0131nda, Uluslararas\u0131 Mecdulamal Konferanslar ve Fuarlar D\u00fczenleme \u015eirketi ve Irak Fuarlar ve Ticari Hizmetler Genel \u015eirketi koordinasyonunda d\u00fczenlenece\u011fi bildirilmektedir. Yaz\u0131da devamla, fuar\u0131n organizasyonunu \u00fcstlenen \u201cUluslararas\u0131 Mecdulamal Konferanslar ve [&hellip;]<\/p>\n","protected":false},"author":1,"featured_media":5650,"comment_status":"open","ping_status":"open","sticky":false,"template":"","format":"standard","meta":{"_jetpack_memberships_contains_paid_content":false,"footnotes":""},"categories":[3],"tags":[],"class_list":["post-4815","post","type-post","status-publish","format-standard","has-post-thumbnail","hentry","category-duyuru"],"jetpack_sharing_enabled":true,"jetpack_featured_media_url":"https:\/\/elazigtso.org.tr\/tr\/wp-content\/uploads\/2023\/07\/logo_news-80.jpg","_links":{"self":[{"href":"https:\/\/elazigtso.org.tr\/tr\/index.php\/wp-json\/wp\/v2\/posts\/4815","targetHints":{"allow":["GET"]}}],"collection":[{"href":"https:\/\/elazigtso.org.tr\/tr\/index.php\/wp-json\/wp\/v2\/posts"}],"about":[{"href":"https:\/\/elazigtso.org.tr\/tr\/index.php\/wp-json\/wp\/v2\/types\/post"}],"author":[{"embeddable":true,"href":"https:\/\/elazigtso.org.tr\/tr\/index.php\/wp-json\/wp\/v2\/users\/1"}],"replies":[{"embeddable":true,"href":"https:\/\/elazigtso.org.tr\/tr\/index.php\/wp-json\/wp\/v2\/comments?post=4815"}],"version-history":[{"count":0,"href":"https:\/\/elazigtso.org.tr\/tr\/index.php\/wp-json\/wp\/v2\/posts\/4815\/revisions"}],"wp:featuredmedia":[{"embeddable":true,"href":"https:\/\/elazigtso.org.tr\/tr\/index.php\/wp-json\/wp\/v2\/media\/5650"}],"wp:attachment":[{"href":"https:\/\/elazigtso.org.tr\/tr\/index.php\/wp-json\/wp\/v2\/media?parent=4815"}],"wp:term":[{"taxonomy":"category","embeddable":true,"href":"https:\/\/elazigtso.org.tr\/tr\/index.php\/wp-json\/wp\/v2\/categories?post=4815"},{"taxonomy":"post_tag","embeddable":true,"href":"https:\/\/elazigtso.org.tr\/tr\/index.php\/wp-json\/wp\/v2\/tags?post=4815"}],"curies":[{"name":"wp","href":"https:\/\/api.w.org\/{rel}","templated":true}]}}