{"id":4813,"date":"2023-07-26T09:51:46","date_gmt":"2023-07-26T06:51:46","guid":{"rendered":"http:\/\/elazigtso.com\/tr\/index.php\/2023\/07\/26\/uluslararasi-unvan-basvurulari\/"},"modified":"2023-07-26T09:51:46","modified_gmt":"2023-07-26T06:51:46","slug":"uluslararasi-unvan-basvurulari","status":"publish","type":"post","link":"https:\/\/elazigtso.org.tr\/tr\/index.php\/2023\/07\/26\/uluslararasi-unvan-basvurulari\/","title":{"rendered":"Uluslararas\u0131 Unvan Ba\u015fvurular\u0131"},"content":{"rendered":"<\/p>\n<div class=\"content-detail\">\n<p>Say\u0131n \u00dcyemiz,<\/p>\n<p>Yurt \u0130\u00e7inde Fuar D\u00fczenlenmesine Dair Usul ve Esaslar&#8217;\u0131n &#8220;Uluslararas\u0131 fuar ve bu unvan\u0131n kullan\u0131lmas\u0131&#8221; ba\u015fl\u0131kl\u0131 6 nc\u0131 maddesinin birinci f\u0131kras\u0131nda &#8220;Bir fuar\u0131n uluslararas\u0131 nitelikte olmas\u0131 ve &#8220;uluslararas\u0131&#8221; unvan\u0131n\u0131n kullan\u0131labilmesi i\u00e7in, fuar\u0131n ayn\u0131 d\u00fczenleyici taraf\u0131ndan, ayn\u0131 veya benzer isim ya da konuda son be\u015f y\u0131l i\u00e7erisinde en az iki defa d\u00fczenlenmi\u015f olmas\u0131; ayr\u0131ca do\u011frudan veya dolayl\u0131 (temsilcileri kanal\u0131yla) yabanc\u0131 kat\u0131l\u0131mc\u0131 say\u0131s\u0131n\u0131n, t\u00fcm kat\u0131l\u0131mc\u0131 toplam\u0131 i\u00e7erisinde en az y\u00fczde on be\u015fe ula\u015fmas\u0131 veya yabanc\u0131 kat\u0131l\u0131mc\u0131ya tahsis edilen net metrekare stand alan\u0131 b\u00fcy\u00fckl\u00fc\u011f\u00fcn\u00fcn, toplam\u0131n en az y\u00fczde onuna ula\u015fm\u0131\u015f olmas\u0131 veya yabanc\u0131 ziyaret\u00e7i say\u0131s\u0131n\u0131n, toplam ziyaret\u00e7i say\u0131s\u0131 i\u00e7erisinde en az y\u00fczde iki bu\u00e7u\u011fu bulmas\u0131 gerekmektedir.&#8221; h\u00fckm\u00fc yer almaktad\u0131r.<\/p>\n<p>Malumlar\u0131 oldu\u011fu \u00fczere, Covid-19 Pandemisinin neden oldu\u011fu olumsuz ko\u015fullar nedeniyle 2020 ve 2021 y\u0131llar\u0131nda, planlanm\u0131\u015f olan bir \u00e7ok fuar d\u00fczenlenememi\u015ftir. Bu kapsamda, 2 y\u0131lda bir d\u00fczenlenen fuarlar i\u00e7in ilk defa uluslararas\u0131 unvan\u0131n\u0131n kullan\u0131lmas\u0131 ba\u015fvurusunda bulunulmas\u0131 durumunda, bu ba\u015fvurular\u0131n an\u0131lan maddede yer alan &#8220;son be\u015f y\u0131l i\u00e7erisinde&#8221; kriteri aranmaks\u0131z\u0131n, d\u00fczenlenen son 2 fuardaki verileri baz alan Yeminli Mali M\u00fc\u015favir raporu dikkate al\u0131narak de\u011ferlendirilmesine karar verilmi\u015ftir.<\/p>\n<p>\u00a0Bilgilerinize sunulur.<\/p>\n<p>\u00a0<\/p>\n<p>Bu duyuru 289 defa okundu. <\/p>\n<p>Ekleme Tarihi :2021-12-30 10:18:00 <\/p>\n<\/p><\/div>\n","protected":false},"excerpt":{"rendered":"<p>Say\u0131n \u00dcyemiz, Yurt \u0130\u00e7inde Fuar D\u00fczenlenmesine Dair Usul ve Esaslar&#8217;\u0131n &#8220;Uluslararas\u0131 fuar ve bu unvan\u0131n kullan\u0131lmas\u0131&#8221; ba\u015fl\u0131kl\u0131 6 nc\u0131 maddesinin birinci f\u0131kras\u0131nda &#8220;Bir fuar\u0131n uluslararas\u0131 nitelikte olmas\u0131 ve &#8220;uluslararas\u0131&#8221; unvan\u0131n\u0131n kullan\u0131labilmesi i\u00e7in, fuar\u0131n ayn\u0131 d\u00fczenleyici taraf\u0131ndan, ayn\u0131 veya benzer isim ya da konuda son be\u015f y\u0131l i\u00e7erisinde en az iki defa d\u00fczenlenmi\u015f olmas\u0131; ayr\u0131ca do\u011frudan [&hellip;]<\/p>\n","protected":false},"author":1,"featured_media":5650,"comment_status":"open","ping_status":"open","sticky":false,"template":"","format":"standard","meta":{"_jetpack_memberships_contains_paid_content":false,"footnotes":""},"categories":[3],"tags":[],"class_list":["post-4813","post","type-post","status-publish","format-standard","has-post-thumbnail","hentry","category-duyuru"],"jetpack_sharing_enabled":true,"jetpack_featured_media_url":"https:\/\/elazigtso.org.tr\/tr\/wp-content\/uploads\/2023\/07\/logo_news-80.jpg","_links":{"self":[{"href":"https:\/\/elazigtso.org.tr\/tr\/index.php\/wp-json\/wp\/v2\/posts\/4813","targetHints":{"allow":["GET"]}}],"collection":[{"href":"https:\/\/elazigtso.org.tr\/tr\/index.php\/wp-json\/wp\/v2\/posts"}],"about":[{"href":"https:\/\/elazigtso.org.tr\/tr\/index.php\/wp-json\/wp\/v2\/types\/post"}],"author":[{"embeddable":true,"href":"https:\/\/elazigtso.org.tr\/tr\/index.php\/wp-json\/wp\/v2\/users\/1"}],"replies":[{"embeddable":true,"href":"https:\/\/elazigtso.org.tr\/tr\/index.php\/wp-json\/wp\/v2\/comments?post=4813"}],"version-history":[{"count":0,"href":"https:\/\/elazigtso.org.tr\/tr\/index.php\/wp-json\/wp\/v2\/posts\/4813\/revisions"}],"wp:featuredmedia":[{"embeddable":true,"href":"https:\/\/elazigtso.org.tr\/tr\/index.php\/wp-json\/wp\/v2\/media\/5650"}],"wp:attachment":[{"href":"https:\/\/elazigtso.org.tr\/tr\/index.php\/wp-json\/wp\/v2\/media?parent=4813"}],"wp:term":[{"taxonomy":"category","embeddable":true,"href":"https:\/\/elazigtso.org.tr\/tr\/index.php\/wp-json\/wp\/v2\/categories?post=4813"},{"taxonomy":"post_tag","embeddable":true,"href":"https:\/\/elazigtso.org.tr\/tr\/index.php\/wp-json\/wp\/v2\/tags?post=4813"}],"curies":[{"name":"wp","href":"https:\/\/api.w.org\/{rel}","templated":true}]}}