{"id":2700,"date":"2023-01-19T11:37:00","date_gmt":"2023-01-19T08:37:00","guid":{"rendered":"http:\/\/elazigtso.com\/tr\/?p=2700"},"modified":"2023-07-21T13:59:40","modified_gmt":"2023-07-21T10:59:40","slug":"bingol-tso-heyetinden-elazig-tsoya-ziyaret","status":"publish","type":"post","link":"https:\/\/elazigtso.org.tr\/tr\/index.php\/2023\/01\/19\/bingol-tso-heyetinden-elazig-tsoya-ziyaret\/","title":{"rendered":"Bingol TSO Heyetinden Elaz\u0131\u011f TSO\u2019ya ziyaret"},"content":{"rendered":"\n<p><strong>Bing\u00f6l TSO Y\u00f6netim Kurulu Ba\u015fkan\u0131 Kadir \u00c7intay, Meclis \u00dcyesi &amp; Genel Kurul&nbsp; Delegesi Ramazan \u00c7akan ve Genel Sekreter Yunus Emre Katranc\u0131, Elaz\u0131\u011f TSO Y\u00f6netim Kurulu Ba\u015fkan\u0131 \u0130dris Alan\u2019\u0131 ve Y\u00f6netim Kurulu \u00dcyelerini ziyaret ederek, hay\u0131rl\u0131 olsun temennilerinde bulundular.<\/strong><\/p>\n\n\n\n<br>\n\n\n\n<p><strong>Bing\u00f6l Ticaret ve Sanayi Odas\u0131 ile ortak bir misyon i\u00e7in \u00e7al\u0131\u015f\u0131yoruz.<\/strong><\/p>\n\n\n\n<br>\n\n\n\n<p>Elaz\u0131\u011f Ticaret ve Sanayi Odas\u0131 Y\u00f6netim Kurulu Ba\u015fkan\u0131 \u0130dris Alan, ziyarete ili\u015fkin de\u011ferlendirmelerde bulundu. Ba\u015fkan Alan Bing\u00f6l TSO Ba\u015fkan\u0131 Kadir \u00c7intay\u2019a ziyaretlerinden \u00f6t\u00fcr\u00fc te\u015fekk\u00fcr ederek: \u201cKadir Ba\u015fkan\u0131m\u0131z\u0131n bizlere hay\u0131rl\u0131 olsun ziyaretinde bulundular. Onlar\u0131n da se\u00e7imleri yak\u0131n zamanda ger\u00e7ekle\u015fti, bizler de kendilerini se\u00e7imlerden \u00f6t\u00fcr\u00fc kutluyor, Y\u00f6netimine ve Meclisine ba\u015far\u0131lar diliyoruz. Elaz\u0131\u011f, Bing\u00f6l, Tunceli ve Malatya illeri olarak bizler TRB1 b\u00f6lgesini temsil ediyoruz. Bu sebeple sadece karde\u015f oda de\u011fil, ayn\u0131 zamanda ortak bir misyon i\u00e7in \u00e7al\u0131\u015fan payda\u015flar\u0131z. Amac\u0131m\u0131z b\u00f6lgemizi kalk\u0131nd\u0131rmak, cazibesini art\u0131rarak yat\u0131r\u0131mc\u0131 \u00e7ekmek ve istihdam\u0131 art\u0131rmak. Ben tekrar kendilerine nazik ziyaretlerinden \u00f6t\u00fcr\u00fc te\u015fekk\u00fcr ediyorum, Y\u00f6netim ve Meclisine ba\u015far\u0131lar diliyorum.\u201d Dedi.<\/p>\n\n\n\n<br>\n\n\n\n<p><\/p>\n\n\n\n<figure class=\"wp-block-image size-full\"><img fetchpriority=\"high\" decoding=\"async\" width=\"1600\" height=\"1066\" src=\"http:\/\/elazigtso.com\/tr\/wp-content\/uploads\/2023\/03\/63c916d094b00.jpeg\" alt=\"\" class=\"wp-image-2702\" srcset=\"https:\/\/elazigtso.org.tr\/tr\/wp-content\/uploads\/2023\/03\/63c916d094b00.jpeg 1600w, https:\/\/elazigtso.org.tr\/tr\/wp-content\/uploads\/2023\/03\/63c916d094b00-300x200.jpeg 300w, https:\/\/elazigtso.org.tr\/tr\/wp-content\/uploads\/2023\/03\/63c916d094b00-1024x682.jpeg 1024w, https:\/\/elazigtso.org.tr\/tr\/wp-content\/uploads\/2023\/03\/63c916d094b00-768x512.jpeg 768w, https:\/\/elazigtso.org.tr\/tr\/wp-content\/uploads\/2023\/03\/63c916d094b00-1536x1023.jpeg 1536w\" sizes=\"(max-width: 1600px) 100vw, 1600px\" \/><\/figure>\n\n\n\n<br>\n\n\n\n<p><strong>\u0130dris Alan Ba\u015fkan\u0131m\u0131za ve Y\u00f6netimine Ba\u015far\u0131lar Diliyoruz.<\/strong><\/p>\n\n\n\n<br>\n\n\n\n<p>Bing\u00f6l Ticaret ve Sanayi Odas\u0131 Y\u00f6netim Kurulu Ba\u015fkan\u0131 Kadir \u00c7intay \u201c Bug\u00fcn b\u00f6lgemizin temsil g\u00fcc\u00fc son derece kuvvetli olan Elaz\u0131\u011f Ticaret ve Sanayi Odam\u0131z\u0131 ziyaret ederek, Ba\u015fkan\u0131m\u0131z \u0130dris Alan\u2019\u0131 ve Y\u00f6netim Kurulu ile bir araya geldik. \u00d6ncelikle Ba\u015fkan\u0131m\u0131za ge\u00e7irdi\u011fi operasyon nedeni ile ge\u00e7mi\u015f dileklerimizi iletiyorum. G\u00f6revlerinin Elaz\u0131\u011f\u2019\u0131m\u0131za ve B\u00f6lgemize hay\u0131rlara vesile olmas\u0131n\u0131 temenni ediyoruz. Ba\u015fkan\u0131m\u0131z\u0131n da ifade etti\u011fi gibi bizler karde\u015f odalar\u0131z, bizim koltuklar\u0131m\u0131z ge\u00e7ici ancak Odalar\u0131m\u0131z baki kalacak. Bu duygu ve d\u00fc\u015f\u00fcncelerimle \u0130dris Ba\u015fkan\u0131m\u0131z\u0131n yeni g\u00f6revini tebrik ediyor, birlikte nice ba\u015far\u0131l\u0131 hizmetlerde bulunmak dile\u011fiyle hay\u0131rl\u0131 olsun diyorum.\u201d Dedi.<\/p>\n","protected":false},"excerpt":{"rendered":"<p>Bing\u00f6l TSO Y\u00f6netim Kurulu Ba\u015fkan\u0131 Kadir \u00c7intay, Meclis \u00dcyesi &amp; Genel Kurul&nbsp; Delegesi Ramazan \u00c7akan ve Genel Sekreter Yunus Emre Katranc\u0131, Elaz\u0131\u011f TSO Y\u00f6netim Kurulu Ba\u015fkan\u0131 \u0130dris Alan\u2019\u0131 ve Y\u00f6netim Kurulu \u00dcyelerini ziyaret ederek, hay\u0131rl\u0131 olsun temennilerinde bulundular. Bing\u00f6l Ticaret ve Sanayi Odas\u0131 ile ortak bir misyon i\u00e7in \u00e7al\u0131\u015f\u0131yoruz. Elaz\u0131\u011f Ticaret ve Sanayi Odas\u0131 Y\u00f6netim [&hellip;]<\/p>\n","protected":false},"author":1,"featured_media":2701,"comment_status":"closed","ping_status":"closed","sticky":false,"template":"","format":"standard","meta":{"_jetpack_memberships_contains_paid_content":false,"footnotes":""},"categories":[38],"tags":[],"class_list":["post-2700","post","type-post","status-publish","format-standard","has-post-thumbnail","hentry","category-haberler"],"jetpack_sharing_enabled":true,"jetpack_featured_media_url":"https:\/\/elazigtso.org.tr\/tr\/wp-content\/uploads\/2023\/03\/IzhCzeX743.jpeg","_links":{"self":[{"href":"https:\/\/elazigtso.org.tr\/tr\/index.php\/wp-json\/wp\/v2\/posts\/2700","targetHints":{"allow":["GET"]}}],"collection":[{"href":"https:\/\/elazigtso.org.tr\/tr\/index.php\/wp-json\/wp\/v2\/posts"}],"about":[{"href":"https:\/\/elazigtso.org.tr\/tr\/index.php\/wp-json\/wp\/v2\/types\/post"}],"author":[{"embeddable":true,"href":"https:\/\/elazigtso.org.tr\/tr\/index.php\/wp-json\/wp\/v2\/users\/1"}],"replies":[{"embeddable":true,"href":"https:\/\/elazigtso.org.tr\/tr\/index.php\/wp-json\/wp\/v2\/comments?post=2700"}],"version-history":[{"count":2,"href":"https:\/\/elazigtso.org.tr\/tr\/index.php\/wp-json\/wp\/v2\/posts\/2700\/revisions"}],"predecessor-version":[{"id":2704,"href":"https:\/\/elazigtso.org.tr\/tr\/index.php\/wp-json\/wp\/v2\/posts\/2700\/revisions\/2704"}],"wp:featuredmedia":[{"embeddable":true,"href":"https:\/\/elazigtso.org.tr\/tr\/index.php\/wp-json\/wp\/v2\/media\/2701"}],"wp:attachment":[{"href":"https:\/\/elazigtso.org.tr\/tr\/index.php\/wp-json\/wp\/v2\/media?parent=2700"}],"wp:term":[{"taxonomy":"category","embeddable":true,"href":"https:\/\/elazigtso.org.tr\/tr\/index.php\/wp-json\/wp\/v2\/categories?post=2700"},{"taxonomy":"post_tag","embeddable":true,"href":"https:\/\/elazigtso.org.tr\/tr\/index.php\/wp-json\/wp\/v2\/tags?post=2700"}],"curies":[{"name":"wp","href":"https:\/\/api.w.org\/{rel}","templated":true}]}}