{"id":2698,"date":"2023-01-14T11:35:00","date_gmt":"2023-01-14T08:35:00","guid":{"rendered":"http:\/\/elazigtso.com\/tr\/?p=2698"},"modified":"2023-07-21T13:59:53","modified_gmt":"2023-07-21T10:59:53","slug":"2022-yilinda-elazig-tarihinin-en-buyuk-ihracati-gerceklesti","status":"publish","type":"post","link":"https:\/\/elazigtso.org.tr\/tr\/index.php\/2023\/01\/14\/2022-yilinda-elazig-tarihinin-en-buyuk-ihracati-gerceklesti\/","title":{"rendered":"2022 Y\u0131l\u0131nda Elaz\u0131\u011f Tarihinin En B\u00fcy\u00fck \u0130hracat\u0131 Ger\u00e7ekle\u015fti"},"content":{"rendered":"\n<p><strong>2022 Y\u0131l\u0131 Elaz\u0131\u011f i\u00e7in tarihi bir rekorla kapand\u0131. Elaz\u0131\u011f ihracat\u0131 \u00f6nceki y\u0131l rekor k\u0131rarak 335 Milyon 893 bin Dolar ile ger\u00e7ekle\u015fmi\u015fti. 2022 Y\u0131l\u0131nda ihracat 373 Milyon 667 bin Dolar olarak ger\u00e7ekle\u015ferek tarihinin en b\u00fcy\u00fck ihracat rakam\u0131n\u0131 yakalad\u0131. Ba\u015fkan Alan \u201cCumhuriyetimizin 100. Y\u0131l\u0131nda bu rekoru da geli\u015ftirece\u011fiz\u201d dedi.<\/strong><\/p>\n\n\n\n<br>\n\n\n\n<p><strong>\u00dcretmekte kararl\u0131 duru\u015fundan vazge\u00e7meyen \u00dcyelerimizi kutluyoruz.<\/strong><\/p>\n\n\n\n<br>\n\n\n\n<p>Elaz\u0131\u011f Ticaret ve Sanayi Odas\u0131 Y\u00f6netim Kurulu Ba\u015fkan\u0131 \u0130dris Alan, T\u00fcrkiye \u0130hracat\u00e7\u0131lar Meclisi (T\u0130M) taraf\u0131ndan a\u00e7\u0131klanan 2022 ihracat rakamlar\u0131n\u0131 de\u011ferlendirdi. Ba\u015fkan Alan, \u201cT\u0130M\u2019den edindi\u011fimiz veriler ile birlikte Elaz\u0131\u011f\u2019\u0131m\u0131z\u0131n tarihinin en b\u00fcy\u00fck ihracat rakam\u0131na ula\u015ft\u0131\u011f\u0131n\u0131 g\u00f6r\u00fcyoruz. B\u00fct\u00fcn d\u00fcnyada y\u00fckselen enflasyona, krizlere ra\u011fmen \u00fcretip ihra\u00e7 etmekten geri durmayan \u00fcyelerimizi y\u00fcrekten tebrik ediyorum. Elaz\u0131\u011f\u2019\u0131m\u0131z\u0131n potasiyelini g\u00f6z \u00f6n\u00fcne ald\u0131\u011f\u0131m\u0131zda, hak etti\u011fi noktadan hala \u00e7ok uzakta oldu\u011funu d\u00fc\u015f\u00fcn\u00fcyor, projelerimizi bu d\u00fczlemde geli\u015ftiriyoruz. Elaz\u0131\u011f Cumhuriyetimizin 100.Y\u0131l\u0131nda, 2022 y\u0131l\u0131nda k\u0131rd\u0131\u011f\u0131 ihracat rekorunu geli\u015ftirecek.\u201d \u0130fadelerini kulland\u0131.<\/p>\n\n\n\n<br>\n\n\n\n<p><strong>6. B\u00f6lge Te\u015fvikleri bu istatistiklerin geli\u015fmesinde \u00f6nemli rol oynuyor.<\/strong><\/p>\n\n\n\n<br>\n\n\n\n<p>Ba\u015fkan Alan, \u201cTOBB Ba\u015fkan\u0131m\u0131z Sn.Rifat Hisarc\u0131kl\u0131o\u011flu\u2019nun \u015fahs\u0131m\u0131za, \u201c6. B\u00f6lge Te\u015fviklerinin Elaz\u0131\u011f\u2019a kazand\u0131r\u0131lmas\u0131 senin eserindir\u201d s\u00f6zleriyle bizleri onurland\u0131rm\u0131\u015ft\u0131. Bug\u00fcn ihracat rakam\u0131m\u0131z ile \u00f6v\u00fcn\u00fcyorsak baz\u0131 noktalara dikkat \u00e7ekmemiz gerekiyor. O g\u00fcnden bu g\u00fcne dikkatle incelenmesi gereken bir di\u011fer veri ise artan istihdam\u0131m\u0131z ve fabrika say\u0131s\u0131n\u0131n artmas\u0131. Bu k\u0131ymetli istatisti\u011fin ihracat\u0131m\u0131za olan katk\u0131lar\u0131 yads\u0131namaz bir ger\u00e7ek. Bizler Elaz\u0131\u011f\u2019\u0131m\u0131za hizmet etmekten \u015feref duyan insanlar\u0131z ve yeri geldi\u011finde bununla \u00f6v\u00fcn\u00fcr\u00fcz. Elaz\u0131\u011f\u2019\u0131m\u0131z\u0131n \u00fcretiminin, ticaret hacminin, ihracat\u0131n\u0131n artmas\u0131 i\u00e7in elimizden gelen her\u015feyi yap\u0131yoruz, yapaca\u011f\u0131z da.\u201d Dedi.<\/p>\n\n\n\n<br>\n\n\n\n<p><strong>Dijital D\u00f6n\u00fc\u015f\u00fcm hamlemiz ihracat\u0131m\u0131z\u0131 \u00e7ok daha \u00f6nemli noktalara ta\u015f\u0131yacakt\u0131r.<\/strong><\/p>\n\n\n\n<br>\n\n\n\n<p>Se\u00e7im d\u00f6neminde belirtti\u011fimiz gibi bir \u201cDijital D\u00f6n\u00fc\u015f\u00fcm\u201d hamlemizi ba\u015flat\u0131yoruz. Bu d\u00f6n\u00fc\u015f\u00fcm\u00fcn etkileri k\u0131sa s\u00fcre i\u00e7erisinde kendisini g\u00f6sterecektir. Bir \u00e7ok kurum taraf\u0131ndan par\u00e7al\u0131 olarak denenen fakat yerelin etkin kullan\u0131m\u0131na inemeyen, tabana yay\u0131lamayan ihracat\u0131 geli\u015ftirme projelerinin b\u00fct\u00fcnsel bir toplam\u0131n\u0131n Elaz\u0131\u011f \u00f6zelinde ger\u00e7ekle\u015ftirilmesi ile \u015fehrimizin ihracat hacminin tek merkezli olarak toplanmas\u0131 ve \u00fcyelerimizin etkin olarak desteklenmesi sayesinde Elaz\u0131\u011f TSO ihracatta \u00e7ok daha etkin bir rol \u00fcstlenecektir. \u00d6zellikle ihracat\u0131n yerel esnaf nezdinde tabana yay\u0131labilmesi ad\u0131na Dijital d\u00f6n\u00fc\u015f\u00fcmde ciddi giri\u015fimlerde bulunaca\u011f\u0131z. B\u00f6ylelikle dijital d\u00f6n\u00fc\u015f\u00fcm sayesinde yerel esnafa da ihracat\u0131n t\u00fcm gereklerini ve Pazar \u015fartlar\u0131n\u0131 ve potansiyellerini sunaca\u011f\u0131m\u0131z i\u00e7in, sadece s\u00fcrekli ihracat yapan firmalar ile s\u0131n\u0131rl\u0131 kalmayarak yerel esnaf\u0131m\u0131za da ihracat \u015fans\u0131 olu\u015fturulacakt\u0131r. Dijital hizmetimizin geli\u015fmesiyle Elaz\u0131\u011f\u2019\u0131 \u0130hracatta s\u00f6z\u00fc ge\u00e7en bir \u015fehir haline getirece\u011fiz.&nbsp;<\/p>\n","protected":false},"excerpt":{"rendered":"<p>2022 Y\u0131l\u0131 Elaz\u0131\u011f i\u00e7in tarihi bir rekorla kapand\u0131. Elaz\u0131\u011f ihracat\u0131 \u00f6nceki y\u0131l rekor k\u0131rarak 335 Milyon 893 bin Dolar ile ger\u00e7ekle\u015fmi\u015fti. 2022 Y\u0131l\u0131nda ihracat 373 Milyon 667 bin Dolar olarak ger\u00e7ekle\u015ferek tarihinin en b\u00fcy\u00fck ihracat rakam\u0131n\u0131 yakalad\u0131. Ba\u015fkan Alan \u201cCumhuriyetimizin 100. Y\u0131l\u0131nda bu rekoru da geli\u015ftirece\u011fiz\u201d dedi. \u00dcretmekte kararl\u0131 duru\u015fundan vazge\u00e7meyen \u00dcyelerimizi kutluyoruz. Elaz\u0131\u011f Ticaret [&hellip;]<\/p>\n","protected":false},"author":1,"featured_media":2315,"comment_status":"closed","ping_status":"closed","sticky":false,"template":"","format":"standard","meta":{"_jetpack_memberships_contains_paid_content":false,"footnotes":""},"categories":[38],"tags":[],"class_list":["post-2698","post","type-post","status-publish","format-standard","has-post-thumbnail","hentry","category-haberler"],"jetpack_sharing_enabled":true,"jetpack_featured_media_url":"https:\/\/elazigtso.org.tr\/tr\/wp-content\/uploads\/2023\/03\/WhatsApp-Image-2023-03-13-at-14.29.18.jpeg","_links":{"self":[{"href":"https:\/\/elazigtso.org.tr\/tr\/index.php\/wp-json\/wp\/v2\/posts\/2698","targetHints":{"allow":["GET"]}}],"collection":[{"href":"https:\/\/elazigtso.org.tr\/tr\/index.php\/wp-json\/wp\/v2\/posts"}],"about":[{"href":"https:\/\/elazigtso.org.tr\/tr\/index.php\/wp-json\/wp\/v2\/types\/post"}],"author":[{"embeddable":true,"href":"https:\/\/elazigtso.org.tr\/tr\/index.php\/wp-json\/wp\/v2\/users\/1"}],"replies":[{"embeddable":true,"href":"https:\/\/elazigtso.org.tr\/tr\/index.php\/wp-json\/wp\/v2\/comments?post=2698"}],"version-history":[{"count":1,"href":"https:\/\/elazigtso.org.tr\/tr\/index.php\/wp-json\/wp\/v2\/posts\/2698\/revisions"}],"predecessor-version":[{"id":2699,"href":"https:\/\/elazigtso.org.tr\/tr\/index.php\/wp-json\/wp\/v2\/posts\/2698\/revisions\/2699"}],"wp:featuredmedia":[{"embeddable":true,"href":"https:\/\/elazigtso.org.tr\/tr\/index.php\/wp-json\/wp\/v2\/media\/2315"}],"wp:attachment":[{"href":"https:\/\/elazigtso.org.tr\/tr\/index.php\/wp-json\/wp\/v2\/media?parent=2698"}],"wp:term":[{"taxonomy":"category","embeddable":true,"href":"https:\/\/elazigtso.org.tr\/tr\/index.php\/wp-json\/wp\/v2\/categories?post=2698"},{"taxonomy":"post_tag","embeddable":true,"href":"https:\/\/elazigtso.org.tr\/tr\/index.php\/wp-json\/wp\/v2\/tags?post=2698"}],"curies":[{"name":"wp","href":"https:\/\/api.w.org\/{rel}","templated":true}]}}