{"id":2696,"date":"2022-01-14T11:33:00","date_gmt":"2022-01-14T08:33:00","guid":{"rendered":"http:\/\/elazigtso.com\/tr\/?p=2696"},"modified":"2023-07-21T14:01:10","modified_gmt":"2023-07-21T11:01:10","slug":"palu-ve-karakocan-kaymakamlari-baskan-alani-ziyaret-etti","status":"publish","type":"post","link":"https:\/\/elazigtso.org.tr\/tr\/index.php\/2022\/01\/14\/palu-ve-karakocan-kaymakamlari-baskan-alani-ziyaret-etti\/","title":{"rendered":"Palu ve Karako\u00e7an Kaymakamlar\u0131 Ba\u015fkan Alan\u2019\u0131 ziyaret etti."},"content":{"rendered":"\n<p><strong>Karako\u00e7an Kaymakam\u0131 Abdullah \u015eahin, Palu Kaymakam\u0131 Hulusi Teke, Karako\u00e7an \u00d6zel \u0130dare M\u00fcd. Sel\u00e7uk Havu\u00e7gil ve Palu K\u00f6ylere Hizmet G\u00f6t\u00fcrme M\u00fcd. Enver Hanc\u0131, Elaz\u0131\u011f TSO Y\u00f6netim Kurulu Ba\u015fkan\u0131 \u0130dris Alan\u2019\u0131 ziyaret ederek, hay\u0131rl\u0131 olsun temennilerinde bulundular.<\/strong><\/p>\n\n\n\n<br>\n\n\n\n<p><strong>Kovanc\u0131lar, Karako\u00e7an ve Palu\u2019da yar\u0131m kalan i\u015flerimiz var.<\/strong><\/p>\n\n\n\n<br>\n\n\n\n<p>Elaz\u0131\u011f Ticaret ve Sanayi Odas\u0131 Y\u00f6netim Kurulu Ba\u015fkan\u0131 \u0130dris Alan, Karako\u00e7an Kaymakam\u0131 Abdullah \u015eahin, Palu Kaymakam\u0131 Hulusi teke ve beraberindeki heyete ziyaretlerinden \u00f6t\u00fcr\u00fc te\u015fekk\u00fcrlerini ileterek: \u201cK\u0131ymetli Kaymakamlar\u0131m\u0131z Sn.Abdullah \u015eahin ve Hulusi Teke\u2019yi a\u011f\u0131rlamaktan memnuniyet duyuyoruz. Kovanc\u0131lar, Palu ve Karako\u00e7an bizim i\u00e7in \u00e7ok de\u011ferli il\u00e7elerimiz. Ge\u00e7ti\u011fimiz d\u00f6nemde ilimize kazand\u0131rd\u0131\u011f\u0131m\u0131z 6. B\u00f6lge te\u015fviklerini il\u00e7elerimizi de kapsayacak bir Karma OSB kurarak faydaland\u0131rmay\u0131 ama\u00e7l\u0131yorduk. \u015eimdi yar\u0131m kalan i\u015fi halletme zaman\u0131d\u0131r. Ziyaretimize gelen Kaymakamlar\u0131m\u0131za ve M\u00fcd\u00fcrlerimize te\u015fekk\u00fcr ediyor, g\u00f6revlerinde ba\u015far\u0131lar dilyorum.<\/p>\n\n\n\n<br>\n\n\n\n<p>Karako\u00e7an Kaymakam\u0131 Abdullah \u015eahin ve Palu Kaymakam\u0131 Hulusi Teke de Ba\u015fkan Alan\u2019a g\u00f6revinde ba\u015far\u0131lar dileyerek Elaz\u0131\u011f i\u00e7in birlikte hizmet edeceklerini vurgulad\u0131lar.<\/p>\n","protected":false},"excerpt":{"rendered":"<p>Karako\u00e7an Kaymakam\u0131 Abdullah \u015eahin, Palu Kaymakam\u0131 Hulusi Teke, Karako\u00e7an \u00d6zel \u0130dare M\u00fcd. Sel\u00e7uk Havu\u00e7gil ve Palu K\u00f6ylere Hizmet G\u00f6t\u00fcrme M\u00fcd. Enver Hanc\u0131, Elaz\u0131\u011f TSO Y\u00f6netim Kurulu Ba\u015fkan\u0131 \u0130dris Alan\u2019\u0131 ziyaret ederek, hay\u0131rl\u0131 olsun temennilerinde bulundular. Kovanc\u0131lar, Karako\u00e7an ve Palu\u2019da yar\u0131m kalan i\u015flerimiz var. Elaz\u0131\u011f Ticaret ve Sanayi Odas\u0131 Y\u00f6netim Kurulu Ba\u015fkan\u0131 \u0130dris Alan, Karako\u00e7an Kaymakam\u0131 [&hellip;]<\/p>\n","protected":false},"author":1,"featured_media":2315,"comment_status":"closed","ping_status":"closed","sticky":false,"template":"","format":"standard","meta":{"_jetpack_memberships_contains_paid_content":false,"footnotes":""},"categories":[38],"tags":[],"class_list":["post-2696","post","type-post","status-publish","format-standard","has-post-thumbnail","hentry","category-haberler"],"jetpack_sharing_enabled":true,"jetpack_featured_media_url":"https:\/\/elazigtso.org.tr\/tr\/wp-content\/uploads\/2023\/03\/WhatsApp-Image-2023-03-13-at-14.29.18.jpeg","_links":{"self":[{"href":"https:\/\/elazigtso.org.tr\/tr\/index.php\/wp-json\/wp\/v2\/posts\/2696","targetHints":{"allow":["GET"]}}],"collection":[{"href":"https:\/\/elazigtso.org.tr\/tr\/index.php\/wp-json\/wp\/v2\/posts"}],"about":[{"href":"https:\/\/elazigtso.org.tr\/tr\/index.php\/wp-json\/wp\/v2\/types\/post"}],"author":[{"embeddable":true,"href":"https:\/\/elazigtso.org.tr\/tr\/index.php\/wp-json\/wp\/v2\/users\/1"}],"replies":[{"embeddable":true,"href":"https:\/\/elazigtso.org.tr\/tr\/index.php\/wp-json\/wp\/v2\/comments?post=2696"}],"version-history":[{"count":1,"href":"https:\/\/elazigtso.org.tr\/tr\/index.php\/wp-json\/wp\/v2\/posts\/2696\/revisions"}],"predecessor-version":[{"id":2697,"href":"https:\/\/elazigtso.org.tr\/tr\/index.php\/wp-json\/wp\/v2\/posts\/2696\/revisions\/2697"}],"wp:featuredmedia":[{"embeddable":true,"href":"https:\/\/elazigtso.org.tr\/tr\/index.php\/wp-json\/wp\/v2\/media\/2315"}],"wp:attachment":[{"href":"https:\/\/elazigtso.org.tr\/tr\/index.php\/wp-json\/wp\/v2\/media?parent=2696"}],"wp:term":[{"taxonomy":"category","embeddable":true,"href":"https:\/\/elazigtso.org.tr\/tr\/index.php\/wp-json\/wp\/v2\/categories?post=2696"},{"taxonomy":"post_tag","embeddable":true,"href":"https:\/\/elazigtso.org.tr\/tr\/index.php\/wp-json\/wp\/v2\/tags?post=2696"}],"curies":[{"name":"wp","href":"https:\/\/api.w.org\/{rel}","templated":true}]}}