{"id":2689,"date":"2022-12-26T11:16:00","date_gmt":"2022-12-26T08:16:00","guid":{"rendered":"http:\/\/elazigtso.com\/tr\/?p=2689"},"modified":"2023-07-21T13:59:59","modified_gmt":"2023-07-21T10:59:59","slug":"aralik-ayi-olagan-meclis-toplantisi-gerceklesti","status":"publish","type":"post","link":"https:\/\/elazigtso.org.tr\/tr\/index.php\/2022\/12\/26\/aralik-ayi-olagan-meclis-toplantisi-gerceklesti\/","title":{"rendered":"Aral\u0131k Ay\u0131 Ola\u011fan Meclis Toplant\u0131s\u0131 Ger\u00e7ekle\u015fti"},"content":{"rendered":"\n<p><strong>Elaz\u0131\u011f Ticaret ve Sanayi Odas\u0131\u2019nda Aral\u0131k Ay\u0131 Ola\u011fan Meclis Toplant\u0131s\u0131 Meclis Ba\u015fkan\u0131 Sedat Karata\u015f Ba\u015fkanl\u0131\u011f\u0131nda ger\u00e7ekle\u015fti.<\/strong><\/p>\n\n\n\n<br>\n\n\n\n<p><strong>Y\u00f6netim Kurulu Ba\u015fkan\u0131m\u0131z Sn. \u0130dris Alan\u2019a ge\u00e7mi\u015f olsun dileklerimizi iletiyoruz.<\/strong><\/p>\n\n\n\n<br>\n\n\n\n<p>Elaz\u0131\u011f Ticaret ve Sanayi Odas\u0131 Meclis Ba\u015fkan\u0131 Sedat Karata\u015f: &nbsp;\u201cY\u00f6netim Kurulu Ba\u015fkan\u0131m\u0131z Sn.\u0130dris Alan\u2019a ge\u00e7mi\u015f olsun dileklerimi iletiyor. En k\u0131sa s\u00fcrede sa\u011fl\u0131kl\u0131 bir \u015fekilde yan\u0131m\u0131zda olmas\u0131n\u0131 temenni ediyorum.<\/p>\n\n\n\n<br>\n\n\n\n<p>Ba\u015fkan\u0131m\u0131z, ge\u00e7ti\u011fimiz haftalarda 6. B\u00f6lge te\u015fviklerinden 2 y\u0131l daha uzat\u0131lmas\u0131n\u0131 sevin\u00e7le kar\u015f\u0131lad\u0131\u011f\u0131m\u0131z\u0131 duyurmu\u015ftu. Tekrar etmi\u015f olal\u0131m ve g\u00fczel geli\u015fme i\u00e7in Cumhurba\u015fkan\u0131m\u0131z Sn. Recep Tayyip Erda\u011fan\u2019a ve Sanayi ve Teknoloji Bakan\u0131m\u0131z Sn. Mustafa Varank\u2019a \u015f\u00fckranlar\u0131m\u0131z\u0131 sunuyoruz. \u0130n\u015fallah bu vesile ile OSB\u2019mizdeki yat\u0131r\u0131mc\u0131lar\u0131m\u0131z\u0131n say\u0131s\u0131, dolay\u0131s\u0131 ile ilimizdeki istihdam say\u0131s\u0131 artar.\u201d<\/p>\n\n\n\n<br>\n\n\n\n<p><\/p>\n\n\n\n<figure class=\"wp-block-image size-full\"><img fetchpriority=\"high\" decoding=\"async\" width=\"2560\" height=\"1707\" src=\"http:\/\/elazigtso.com\/tr\/wp-content\/uploads\/2023\/03\/63a9750cb336a-scaled.jpeg\" alt=\"\" class=\"wp-image-2691\" srcset=\"https:\/\/elazigtso.org.tr\/tr\/wp-content\/uploads\/2023\/03\/63a9750cb336a-scaled.jpeg 2560w, https:\/\/elazigtso.org.tr\/tr\/wp-content\/uploads\/2023\/03\/63a9750cb336a-300x200.jpeg 300w, https:\/\/elazigtso.org.tr\/tr\/wp-content\/uploads\/2023\/03\/63a9750cb336a-1024x683.jpeg 1024w, https:\/\/elazigtso.org.tr\/tr\/wp-content\/uploads\/2023\/03\/63a9750cb336a-768x512.jpeg 768w, https:\/\/elazigtso.org.tr\/tr\/wp-content\/uploads\/2023\/03\/63a9750cb336a-1536x1024.jpeg 1536w, https:\/\/elazigtso.org.tr\/tr\/wp-content\/uploads\/2023\/03\/63a9750cb336a-2048x1365.jpeg 2048w\" sizes=\"(max-width: 2560px) 100vw, 2560px\" \/><\/figure>\n\n\n\n<br>\n\n\n\n<p><\/p>\n\n\n\n<p><strong>\u00dcyelerimizin sorunlar\u0131na \u00e7\u00f6z\u00fcm bulma noktas\u0131nda aktif rol alaca\u011f\u0131z.<\/strong><\/p>\n\n\n\n<br>\n\n\n\n<p>\u201c\u00dcyelerimiz 12 Kas\u0131m tarihinde \u00fczerlerine d\u00fc\u015feni yaparak oylar\u0131n\u0131 kulland\u0131 ve Oda tarihindeki en y\u00fcksek farkla Elaz\u0131\u011f Ticaret ve Sanayi Odas\u0131\u2019n\u0131 bizlere emanet etti. \u015eimdi g\u00f6rev s\u0131ras\u0131 bizlerde. Meclisimizle, Y\u00f6netimimizle, Komitelerimizle \u00dcyelerimize hizmet edece\u011fiz.<\/p>\n\n\n\n<br>\n\n\n\n<p>De\u011ferli Meclis \u00dcyelerimiz; Sizler art\u0131k kendi sekt\u00f6r\u00fcn\u00fcz\u00fcn birer kanaat \u00f6nderisiniz. \u00dcyelerimizin sorunlar\u0131n\u0131 en iyi bilenler ve en iyi \u00e7\u00f6z\u00fcm \u00fcretecek olanlar sizlersiniz. \u00dcyelerimizle s\u0131k s\u0131k bir araya gelerek; sorunlar\u0131n\u0131, \u00f6nerilerini dinleyerek \u00e7\u00f6z\u00fcm \u00fcretme noktas\u0131nda aktif rol alaca\u011f\u0131z. Meslek Komitelerimizden beklentimiz \u00e7ok b\u00fcy\u00fck. Onlar bizim sahadaki g\u00f6z\u00fcm\u00fcz, kula\u011f\u0131m\u0131z. Elaz\u0131\u011f \u0130\u015f D\u00fcnyas\u0131\u2019n\u0131n sesi olacak olan odam\u0131z\u0131n aktifli\u011fi, komitelerimizin \u00e7al\u0131\u015fmas\u0131yla do\u011fru orant\u0131l\u0131d\u0131r. Bu sebeple Meslek Komite toplant\u0131lar\u0131m\u0131za azami \u00f6l\u00e7\u00fcde kat\u0131l\u0131m sa\u011flamaya \u00f6zen g\u00f6sterelim.\u201d<\/p>\n\n\n\n<br>\n\n\n\n<figure class=\"wp-block-image size-full\"><img decoding=\"async\" width=\"2560\" height=\"1707\" src=\"http:\/\/elazigtso.com\/tr\/wp-content\/uploads\/2023\/03\/63a9750da139c-scaled.jpeg\" alt=\"\" class=\"wp-image-2692\" srcset=\"https:\/\/elazigtso.org.tr\/tr\/wp-content\/uploads\/2023\/03\/63a9750da139c-scaled.jpeg 2560w, https:\/\/elazigtso.org.tr\/tr\/wp-content\/uploads\/2023\/03\/63a9750da139c-300x200.jpeg 300w, https:\/\/elazigtso.org.tr\/tr\/wp-content\/uploads\/2023\/03\/63a9750da139c-1024x683.jpeg 1024w, https:\/\/elazigtso.org.tr\/tr\/wp-content\/uploads\/2023\/03\/63a9750da139c-768x512.jpeg 768w, https:\/\/elazigtso.org.tr\/tr\/wp-content\/uploads\/2023\/03\/63a9750da139c-1536x1024.jpeg 1536w, https:\/\/elazigtso.org.tr\/tr\/wp-content\/uploads\/2023\/03\/63a9750da139c-2048x1365.jpeg 2048w\" sizes=\"(max-width: 2560px) 100vw, 2560px\" \/><\/figure>\n\n\n\n<p><\/p>\n\n\n\n<br>\n\n\n\n<p><strong>Krizlerden do\u011fan f\u0131rsatlar\u0131 de\u011ferlendirerek fiyat istikrar\u0131n\u0131 yeniden in\u015fa edebiliriz<\/strong><\/p>\n\n\n\n<br>\n\n\n\n<p>\u201c2020 y\u0131l\u0131nda ya\u015fanan k\u00fcresel salg\u0131n felaketinin en belirgin etkilerinden biri olan tedarik zincirinin bozulmas\u0131 2 y\u0131l\u0131 a\u015fk\u0131n s\u00fcredir d\u00fcnya ekonomisini olumsuz etkiliyor. Yine ya\u015fanan \u00e7ip krizi, Rusya \u2013 Ukrayna sava\u015f\u0131 da k\u00fcresel bazda ekonomiyi olumsuz etkileyen problemlerden baz\u0131lar\u0131.<\/p>\n\n\n\n<br>\n\n\n\n<p>Bizler Pandemiye ra\u011fmen giri\u015fimci say\u0131s\u0131n\u0131 artt\u0131ran, Rusya \u2013 Ukrayna sava\u015f\u0131ndan do\u011fan krizleri f\u0131rsata \u00e7evirebilen bir milletiz.<\/p>\n\n\n\n<br>\n\n\n\n<p>FED ve Avrupa Merkez Bankas\u0131\u2019n\u0131n ald\u0131\u011f\u0131 faiz artt\u0131r\u0131m\u0131 kararlar\u0131 K\u00fcresel Resesyonun yakla\u015fan ayak seslerinden biridir. Bu faiz artt\u0131r\u0131m\u0131n\u0131n do\u011fal sonu\u00e7lar\u0131ndan olan talep daralmas\u0131 neticesinde emtia fiyatlar\u0131nda gev\u015feme g\u00f6sterdi. Enflasyonun ivme kaybedece\u011fi bu d\u00f6nemin f\u0131rsatlar\u0131n\u0131 da yakalayarak fiyat istikrar\u0131n\u0131 yeniden in\u015fa edebiliriz.<\/p>\n\n\n\n<br>\n\n\n\n<p>2023 Y\u0131l\u0131 Cumhuriyetimizin 100. Y\u0131l\u0131 olacak. Bizler i\u00e7in de ekonomide yeniden \u015fahlanma d\u00f6nemi olsun in\u015fallah diyoruz.\u201d<\/p>\n\n\n\n<br>\n\n\n\n<p>Meclis Ba\u015fkan\u0131 Sedat Karata\u015f\u2019\u0131n a\u00e7\u0131klamalar\u0131n\u0131n ard\u0131ndan g\u00fcndem maddeleri konu\u015fularak toplant\u0131 tamamland\u0131.<\/p>\n\n\n\n<br>\n\n\n\n<p><\/p>\n\n\n\n<figure class=\"wp-block-image size-full\"><img decoding=\"async\" width=\"2560\" height=\"1707\" src=\"http:\/\/elazigtso.com\/tr\/wp-content\/uploads\/2023\/03\/63a9750e4faef-scaled.jpeg\" alt=\"\" class=\"wp-image-2693\" srcset=\"https:\/\/elazigtso.org.tr\/tr\/wp-content\/uploads\/2023\/03\/63a9750e4faef-scaled.jpeg 2560w, https:\/\/elazigtso.org.tr\/tr\/wp-content\/uploads\/2023\/03\/63a9750e4faef-300x200.jpeg 300w, https:\/\/elazigtso.org.tr\/tr\/wp-content\/uploads\/2023\/03\/63a9750e4faef-1024x683.jpeg 1024w, https:\/\/elazigtso.org.tr\/tr\/wp-content\/uploads\/2023\/03\/63a9750e4faef-768x512.jpeg 768w, https:\/\/elazigtso.org.tr\/tr\/wp-content\/uploads\/2023\/03\/63a9750e4faef-1536x1024.jpeg 1536w, https:\/\/elazigtso.org.tr\/tr\/wp-content\/uploads\/2023\/03\/63a9750e4faef-2048x1365.jpeg 2048w\" sizes=\"(max-width: 2560px) 100vw, 2560px\" \/><\/figure>\n","protected":false},"excerpt":{"rendered":"<p>Elaz\u0131\u011f Ticaret ve Sanayi Odas\u0131\u2019nda Aral\u0131k Ay\u0131 Ola\u011fan Meclis Toplant\u0131s\u0131 Meclis Ba\u015fkan\u0131 Sedat Karata\u015f Ba\u015fkanl\u0131\u011f\u0131nda ger\u00e7ekle\u015fti. Y\u00f6netim Kurulu Ba\u015fkan\u0131m\u0131z Sn. \u0130dris Alan\u2019a ge\u00e7mi\u015f olsun dileklerimizi iletiyoruz. Elaz\u0131\u011f Ticaret ve Sanayi Odas\u0131 Meclis Ba\u015fkan\u0131 Sedat Karata\u015f: &nbsp;\u201cY\u00f6netim Kurulu Ba\u015fkan\u0131m\u0131z Sn.\u0130dris Alan\u2019a ge\u00e7mi\u015f olsun dileklerimi iletiyor. En k\u0131sa s\u00fcrede sa\u011fl\u0131kl\u0131 bir \u015fekilde yan\u0131m\u0131zda olmas\u0131n\u0131 temenni ediyorum. Ba\u015fkan\u0131m\u0131z, [&hellip;]<\/p>\n","protected":false},"author":1,"featured_media":2690,"comment_status":"closed","ping_status":"closed","sticky":false,"template":"","format":"standard","meta":{"_jetpack_memberships_contains_paid_content":false,"footnotes":""},"categories":[38],"tags":[],"class_list":["post-2689","post","type-post","status-publish","format-standard","has-post-thumbnail","hentry","category-haberler"],"jetpack_sharing_enabled":true,"jetpack_featured_media_url":"https:\/\/elazigtso.org.tr\/tr\/wp-content\/uploads\/2023\/03\/P66yHlM7Z9-scaled.jpeg","_links":{"self":[{"href":"https:\/\/elazigtso.org.tr\/tr\/index.php\/wp-json\/wp\/v2\/posts\/2689","targetHints":{"allow":["GET"]}}],"collection":[{"href":"https:\/\/elazigtso.org.tr\/tr\/index.php\/wp-json\/wp\/v2\/posts"}],"about":[{"href":"https:\/\/elazigtso.org.tr\/tr\/index.php\/wp-json\/wp\/v2\/types\/post"}],"author":[{"embeddable":true,"href":"https:\/\/elazigtso.org.tr\/tr\/index.php\/wp-json\/wp\/v2\/users\/1"}],"replies":[{"embeddable":true,"href":"https:\/\/elazigtso.org.tr\/tr\/index.php\/wp-json\/wp\/v2\/comments?post=2689"}],"version-history":[{"count":2,"href":"https:\/\/elazigtso.org.tr\/tr\/index.php\/wp-json\/wp\/v2\/posts\/2689\/revisions"}],"predecessor-version":[{"id":2695,"href":"https:\/\/elazigtso.org.tr\/tr\/index.php\/wp-json\/wp\/v2\/posts\/2689\/revisions\/2695"}],"wp:featuredmedia":[{"embeddable":true,"href":"https:\/\/elazigtso.org.tr\/tr\/index.php\/wp-json\/wp\/v2\/media\/2690"}],"wp:attachment":[{"href":"https:\/\/elazigtso.org.tr\/tr\/index.php\/wp-json\/wp\/v2\/media?parent=2689"}],"wp:term":[{"taxonomy":"category","embeddable":true,"href":"https:\/\/elazigtso.org.tr\/tr\/index.php\/wp-json\/wp\/v2\/categories?post=2689"},{"taxonomy":"post_tag","embeddable":true,"href":"https:\/\/elazigtso.org.tr\/tr\/index.php\/wp-json\/wp\/v2\/tags?post=2689"}],"curies":[{"name":"wp","href":"https:\/\/api.w.org\/{rel}","templated":true}]}}