{"id":2685,"date":"2022-12-14T11:07:00","date_gmt":"2022-12-14T08:07:00","guid":{"rendered":"http:\/\/elazigtso.com\/tr\/?p=2685"},"modified":"2023-07-21T14:00:06","modified_gmt":"2023-07-21T11:00:06","slug":"yonetim-kurulu-baskanimiz-idris-alan-saglik-durumu-ile-alakali-aciklamalarda-bulundu","status":"publish","type":"post","link":"https:\/\/elazigtso.org.tr\/tr\/index.php\/2022\/12\/14\/yonetim-kurulu-baskanimiz-idris-alan-saglik-durumu-ile-alakali-aciklamalarda-bulundu\/","title":{"rendered":"Y\u00f6netim Kurulu Ba\u015fkan\u0131m\u0131z \u0130dris Alan, Sa\u011fl\u0131k Durumu \u0130le Alakal\u0131 A\u00e7\u0131klamalarda Bulundu."},"content":{"rendered":"\n<p><strong>Uzun s\u00fcreden beri ya\u015fad\u0131\u011f\u0131 kalp s\u0131k\u0131nt\u0131s\u0131 nedeniyle Ankara\u2019da Bypaas ameliyat\u0131 ge\u00e7iren Elaz\u0131\u011f TSO Ba\u015fkan\u0131 \u0130dris Alan yo\u011fun bak\u0131m \u00fcnitesinden normal servise al\u0131nd\u0131. Ba\u015fkan Alan yapt\u0131\u011f\u0131 a\u00e7\u0131klama ile sa\u011fl\u0131k durumunun iyi oldu\u011funu bildirdi.<\/strong><\/p>\n\n\n\n<br>\n\n\n\n<p>Bypass ameliyat\u0131n\u0131n ard\u0131ndan yo\u011fun bak\u0131m \u00fcnitesine al\u0131nan Elaz\u0131\u011f TSO Ba\u015fkan\u0131 \u0130dris Alan s\u00fcre\u00e7 ile ilgili yaz\u0131l\u0131 bir a\u00e7\u0131klama yapt\u0131. Yapt\u0131\u011f\u0131 a\u00e7\u0131klamada yo\u011fun bak\u0131m s\u00fcrecinden tedavi s\u00fcrecine gelen telefonlara cevap veremedi\u011fini ifade eden Ba\u015fkan Alan \u00e7ok de\u011ferli \u00fcyelerimiz ba\u015fta olmak \u00fczere arayan soran t\u00fcm dost arkada\u015f ve hem\u015fehrilerimize te\u015fekk\u00fcr\u00fc bir bor\u00e7 biliyorum.<\/p>\n\n\n\n<br>\n\n\n\n<p>S\u00fcre\u00e7 i\u00e7erisinde bizleri yaln\u0131z b\u0131rakmayarak Ankara\u2019ya kadar zahmette bulunup gelen de\u011ferli arkada\u015flar\u0131m\u0131za \u015f\u00fckranlar\u0131m\u0131 sunuyorum diyen Ba\u015fkan Alan a\u00e7\u0131klamas\u0131nda \u015fu ifadelere yer verdi:<\/p>\n\n\n\n<br>\n\n\n\n<p>Allah\u2019a \u015f\u00fck\u00fcrler olsun, ba\u015far\u0131l\u0131 ge\u00e7en bypass ameliyat\u0131m\u0131z\u0131n ard\u0131ndan yo\u011fun bak\u0131m s\u00fcrecimizi de sa\u011fl\u0131kla atlatt\u0131k. Tetkik, tedavi s\u00fcrecimizin ba\u015flang\u0131c\u0131ndan yo\u011fun bak\u0131m s\u00fcrecine kadar ge\u00e7irdi\u011fimiz b\u00fct\u00fcn evrelerde ba\u015far\u0131 kaydeden \u00e7ok k\u0131ymetli doktorlar\u0131m\u0131za y\u00fcrekten te\u015fekk\u00fcr ediyorum.<\/p>\n\n\n\n<br>\n\n\n\n<p>Sa\u011fl\u0131k durumumla alakal\u0131 a\u00e7\u0131klama yapt\u0131\u011f\u0131m\u0131z andan itibaren gelen \u00e7ok say\u0131da aramalara zorunlu cevap verememenin \u00fcz\u00fcnt\u00fcs\u00fcn\u00fc ya\u015f\u0131yor bu konuda \u00e7ok de\u011ferli dostlar\u0131m\u0131z\u0131n engin anlay\u0131\u015flar\u0131na s\u0131\u011f\u0131n\u0131yorum.<\/p>\n\n\n\n<br>\n\n\n\n<p>Bu vesile ile ge\u00e7irdi\u011fim operasyon nedeni ile arayan, soran, k\u0131sa mesaj yolu ve sosyal medya hesaplar\u0131ndan ge\u00e7mi\u015f olsun dileklerini iletip hay\u0131rl\u0131 \u015fifalar temennilerinde bulunan, zahmet buyurup Ankara\u2019ya kadar gelip ziyarette bulunan ve bu s\u00fcre\u00e7te dualar\u0131yla yan\u0131m\u0131zda olup manen bizlere g\u00fc\u00e7 veren herkese te\u015fekk\u00fcr ediyor sayg\u0131 ve selamlar\u0131m\u0131 iletiyorum.<\/p>\n\n\n\n<br>\n\n\n\n<p>Allah hepinizden ebeden raz\u0131 olsun.<\/p>\n\n\n\n<p>\u0130dris Alan \/ Elaz\u0131\u011f TSO Y\u00f6netim Kurulu Ba\u015fkan\u0131&nbsp;<\/p>\n","protected":false},"excerpt":{"rendered":"<p>Uzun s\u00fcreden beri ya\u015fad\u0131\u011f\u0131 kalp s\u0131k\u0131nt\u0131s\u0131 nedeniyle Ankara\u2019da Bypaas ameliyat\u0131 ge\u00e7iren Elaz\u0131\u011f TSO Ba\u015fkan\u0131 \u0130dris Alan yo\u011fun bak\u0131m \u00fcnitesinden normal servise al\u0131nd\u0131. Ba\u015fkan Alan yapt\u0131\u011f\u0131 a\u00e7\u0131klama ile sa\u011fl\u0131k durumunun iyi oldu\u011funu bildirdi. Bypass ameliyat\u0131n\u0131n ard\u0131ndan yo\u011fun bak\u0131m \u00fcnitesine al\u0131nan Elaz\u0131\u011f TSO Ba\u015fkan\u0131 \u0130dris Alan s\u00fcre\u00e7 ile ilgili yaz\u0131l\u0131 bir a\u00e7\u0131klama yapt\u0131. Yapt\u0131\u011f\u0131 a\u00e7\u0131klamada yo\u011fun bak\u0131m [&hellip;]<\/p>\n","protected":false},"author":1,"featured_media":2315,"comment_status":"closed","ping_status":"closed","sticky":false,"template":"","format":"standard","meta":{"_jetpack_memberships_contains_paid_content":false,"footnotes":""},"categories":[38],"tags":[],"class_list":["post-2685","post","type-post","status-publish","format-standard","has-post-thumbnail","hentry","category-haberler"],"jetpack_sharing_enabled":true,"jetpack_featured_media_url":"https:\/\/elazigtso.org.tr\/tr\/wp-content\/uploads\/2023\/03\/WhatsApp-Image-2023-03-13-at-14.29.18.jpeg","_links":{"self":[{"href":"https:\/\/elazigtso.org.tr\/tr\/index.php\/wp-json\/wp\/v2\/posts\/2685","targetHints":{"allow":["GET"]}}],"collection":[{"href":"https:\/\/elazigtso.org.tr\/tr\/index.php\/wp-json\/wp\/v2\/posts"}],"about":[{"href":"https:\/\/elazigtso.org.tr\/tr\/index.php\/wp-json\/wp\/v2\/types\/post"}],"author":[{"embeddable":true,"href":"https:\/\/elazigtso.org.tr\/tr\/index.php\/wp-json\/wp\/v2\/users\/1"}],"replies":[{"embeddable":true,"href":"https:\/\/elazigtso.org.tr\/tr\/index.php\/wp-json\/wp\/v2\/comments?post=2685"}],"version-history":[{"count":2,"href":"https:\/\/elazigtso.org.tr\/tr\/index.php\/wp-json\/wp\/v2\/posts\/2685\/revisions"}],"predecessor-version":[{"id":2688,"href":"https:\/\/elazigtso.org.tr\/tr\/index.php\/wp-json\/wp\/v2\/posts\/2685\/revisions\/2688"}],"wp:featuredmedia":[{"embeddable":true,"href":"https:\/\/elazigtso.org.tr\/tr\/index.php\/wp-json\/wp\/v2\/media\/2315"}],"wp:attachment":[{"href":"https:\/\/elazigtso.org.tr\/tr\/index.php\/wp-json\/wp\/v2\/media?parent=2685"}],"wp:term":[{"taxonomy":"category","embeddable":true,"href":"https:\/\/elazigtso.org.tr\/tr\/index.php\/wp-json\/wp\/v2\/categories?post=2685"},{"taxonomy":"post_tag","embeddable":true,"href":"https:\/\/elazigtso.org.tr\/tr\/index.php\/wp-json\/wp\/v2\/tags?post=2685"}],"curies":[{"name":"wp","href":"https:\/\/api.w.org\/{rel}","templated":true}]}}