{"id":2676,"date":"2022-09-10T10:54:00","date_gmt":"2022-09-10T07:54:00","guid":{"rendered":"http:\/\/elazigtso.com\/tr\/?p=2676"},"modified":"2023-07-21T14:00:55","modified_gmt":"2023-07-21T11:00:55","slug":"elazig-ticaret-ve-sanayi-odasi-tobb-baskani-rifat-hisarciklioglunu-ziyaret-etti","status":"publish","type":"post","link":"https:\/\/elazigtso.org.tr\/tr\/index.php\/2022\/09\/10\/elazig-ticaret-ve-sanayi-odasi-tobb-baskani-rifat-hisarciklioglunu-ziyaret-etti\/","title":{"rendered":"Elaz\u0131\u011f Ticaret ve Sanayi Odas\u0131 TOBB Ba\u015fkan\u0131 Rifat Hisarc\u0131kl\u0131o\u011flu\u2019nu Ziyaret Etti."},"content":{"rendered":"\n<p><strong>Elaz\u0131\u011f Ticaret ve Sanayi Odas\u0131 Y\u00f6netim Kurulu Ba\u015fkan\u0131 \u0130dris Alan, Meclis Ba\u015fkan\u0131 Sedat Karata\u015f, Y\u00f6netim Kurulu \u00dcyeleri, Meclis \u00dcyeleri ve \u00dcst Kurul Delegelerinden olu\u015fan heyet ile TOBB Ba\u015fkan\u0131 Rifat Hisarc\u0131kl\u0131o\u011flu\u2019nu ziyaret etti.<\/strong><\/p>\n\n\n\n<br>\n\n\n\n<p><strong>Genel Ba\u015fkan\u0131m\u0131z Sn. Hisarc\u0131kl\u0131o\u011flu\u2019ndan M\u00fcjdeler Ald\u0131k.<\/strong><\/p>\n\n\n\n<br>\n\n\n\n<p>&nbsp;&nbsp;&nbsp;&nbsp;Ziyaret sonras\u0131 de\u011ferlendirmelerde bulunan Elaz\u0131\u011f TSO Y\u00f6netim Kurulu Ba\u015fkanu \u0130dris Alan: \u201cBizim \u00fcyelerimize verdi\u011fimiz s\u00f6zler var. \u0130n\u015fallah 2022-2026 d\u00f6neminde T\u00fcrkiye Odalar ve Borsalar Birli\u011fi nezdinde, Genel Ba\u015fkan\u0131m\u0131z Say\u0131n Rifat Hisarc\u0131kl\u0131o\u011flu beyin himayelerinde in\u015fallah \u00fclkemize, ilimize g\u00fczel \u015feyler yapaca\u011f\u0131z. Bug\u00fcn Say\u0131n Genel Ba\u015fkan\u0131m\u0131z ve &nbsp;T\u00fcrkiye Odalar ve Borsalar Birli\u011fi Y\u00f6netim Kurulu \u00dcyeleri de\u011ferli zamanlar\u0131n\u0131 ay\u0131rd\u0131lar. Biz de Elaz\u0131\u011f heyeti olarak meclisimiz, y\u00f6netim ve \u00fcst kurul delegeleri olarak kendisini ziyaret ettik. Ben odam ilim ve \u015fahs\u0131m ad\u0131na kendilerine te\u015fekk\u00fcr ediyorum. G\u00fczel de m\u00fcjdeler ald\u0131k. Bu bizi mutlu etti.\u201d<\/p>\n\n\n\n<br>\n\n\n\n<p><strong>Rifat Hisarc\u0131kl\u0131o\u011flu\u2019nu yeniden Ba\u015fkan olarak g\u00f6rmek istiyoruz.<\/strong><\/p>\n\n\n\n<br>\n\n\n\n<p>&nbsp;&nbsp;&nbsp;&nbsp;\u0130n\u015fallah Genel Kurul\u2019dan sonra g\u00fczel i\u015fler yapaca\u011f\u0131z diye d\u00fc\u015f\u00fcn\u00fcyorum. Genel Kurul\u2019da biz tekrar Rifat Hisarc\u0131kl\u0131o\u011flu\u2019nu Ba\u015fkan olarak g\u00f6rmek istiyoruz. Biz de Genel Kurul \u00dcyelerimiz ve Y\u00f6netim Kurulu Ba\u015fkan\u0131 olarak Rifat Ba\u015fkan\u0131m\u0131z\u0131 destekliyoruz. Biz Elaz\u0131\u011f\u2019a \u00e7ok faydal\u0131 i\u015fler yapt\u0131\u011f\u0131 kan\u0131s\u0131nday\u0131z. Elaz\u0131\u011f\u2019\u0131n en b\u00fcy\u00fck sorunlar\u0131ndan birisi 6\u2019\u0131nc\u0131 b\u00f6lge te\u015fvikleriydi. O zaman da Rifat Hisarc\u0131kl\u0131o\u011flu Ba\u015fkan\u0131m\u0131z bizim yan\u0131m\u0131zda elif gibi dik durdu. Bir \u015fekilde bizim avukatl\u0131\u011f\u0131m\u0131z yapt\u0131. \u015eu an itibar\u0131yla Elaz\u0131\u011f 6\u2019\u0131nc\u0131 b\u00f6lge te\u015fviklerinden yararlan\u0131yor. Biz bu konuyu Say\u0131n Ba\u015fkan\u2019a arz etti\u011fimiz zaman Elaz\u0131\u011f OSB\u2019de 2 bin 500 ki\u015fi \u00e7al\u0131\u015f\u0131rken Allah\u2019a \u015f\u00fck\u00fcrler olsun Say\u0131n Ba\u015fkan\u2019\u0131n destekleriyle \u015fu an bu rakamlar 20 bini buluyor. 2023 y\u0131l\u0131nda bu 30 bini bulacak. Bu bile bizim i\u00e7in b\u00fcy\u00fck bir sebeptir.\u201d Dedi.<\/p>\n\n\n\n<br>\n\n\n\n<p><strong>\u0130dris Ba\u015fkan\u0131m\u0131z Elaz\u0131\u011f i\u00e7in b\u00fcy\u00fck bir kazan\u0131m.&nbsp;<\/strong><\/p>\n\n\n\n<br>\n\n\n\n<p>&nbsp;&nbsp;&nbsp;&nbsp;&nbsp;Elaz\u0131\u011f Heyetini a\u011f\u0131rlamaktan mutluluk duydu\u011funu vurgulayan TOBB Genel Ba\u015fkan\u0131 Rifat Hisarc\u0131kl\u0131o\u011flu: \u201c4 Y\u0131l aradan sonra \u0130dris Ba\u015fkan\u0131m\u0131zla yeniden bir araya geldik. \u0130dris Alan Ba\u015fkan\u0131m\u0131z, ilinin \u00e7\u0131karlar\u0131n\u0131 savunan, ak\u0131lc\u0131 ve h\u0131zl\u0131 davranan \u00f6rnek bir ki\u015filik. Elaz\u0131\u011f i\u00e7in kendisi b\u00fcy\u00fck bir kazan\u0131m. Elaz\u0131\u011f\u2019\u0131m\u0131z\u0131n b\u00f6lgedeki \u00f6nemi b\u00fcy\u00fck. Ge\u00e7mi\u015f d\u00f6nemde yapt\u0131\u011f\u0131m\u0131z g\u00fczel i\u015flerin yeni d\u00f6nemimize de yansayaca\u011f\u0131ndan eminim. \u201c dedi<\/p>\n","protected":false},"excerpt":{"rendered":"<p>Elaz\u0131\u011f Ticaret ve Sanayi Odas\u0131 Y\u00f6netim Kurulu Ba\u015fkan\u0131 \u0130dris Alan, Meclis Ba\u015fkan\u0131 Sedat Karata\u015f, Y\u00f6netim Kurulu \u00dcyeleri, Meclis \u00dcyeleri ve \u00dcst Kurul Delegelerinden olu\u015fan heyet ile TOBB Ba\u015fkan\u0131 Rifat Hisarc\u0131kl\u0131o\u011flu\u2019nu ziyaret etti. Genel Ba\u015fkan\u0131m\u0131z Sn. Hisarc\u0131kl\u0131o\u011flu\u2019ndan M\u00fcjdeler Ald\u0131k. &nbsp;&nbsp;&nbsp;&nbsp;Ziyaret sonras\u0131 de\u011ferlendirmelerde bulunan Elaz\u0131\u011f TSO Y\u00f6netim Kurulu Ba\u015fkanu \u0130dris Alan: \u201cBizim \u00fcyelerimize verdi\u011fimiz s\u00f6zler var. \u0130n\u015fallah [&hellip;]<\/p>\n","protected":false},"author":1,"featured_media":2682,"comment_status":"closed","ping_status":"closed","sticky":false,"template":"","format":"standard","meta":{"_jetpack_memberships_contains_paid_content":false,"footnotes":""},"categories":[38],"tags":[],"class_list":["post-2676","post","type-post","status-publish","format-standard","has-post-thumbnail","hentry","category-haberler"],"jetpack_sharing_enabled":true,"jetpack_featured_media_url":"https:\/\/elazigtso.org.tr\/tr\/wp-content\/uploads\/2023\/03\/GdfAMdY9L9-scaled.jpeg","_links":{"self":[{"href":"https:\/\/elazigtso.org.tr\/tr\/index.php\/wp-json\/wp\/v2\/posts\/2676","targetHints":{"allow":["GET"]}}],"collection":[{"href":"https:\/\/elazigtso.org.tr\/tr\/index.php\/wp-json\/wp\/v2\/posts"}],"about":[{"href":"https:\/\/elazigtso.org.tr\/tr\/index.php\/wp-json\/wp\/v2\/types\/post"}],"author":[{"embeddable":true,"href":"https:\/\/elazigtso.org.tr\/tr\/index.php\/wp-json\/wp\/v2\/users\/1"}],"replies":[{"embeddable":true,"href":"https:\/\/elazigtso.org.tr\/tr\/index.php\/wp-json\/wp\/v2\/comments?post=2676"}],"version-history":[{"count":1,"href":"https:\/\/elazigtso.org.tr\/tr\/index.php\/wp-json\/wp\/v2\/posts\/2676\/revisions"}],"predecessor-version":[{"id":2683,"href":"https:\/\/elazigtso.org.tr\/tr\/index.php\/wp-json\/wp\/v2\/posts\/2676\/revisions\/2683"}],"wp:featuredmedia":[{"embeddable":true,"href":"https:\/\/elazigtso.org.tr\/tr\/index.php\/wp-json\/wp\/v2\/media\/2682"}],"wp:attachment":[{"href":"https:\/\/elazigtso.org.tr\/tr\/index.php\/wp-json\/wp\/v2\/media?parent=2676"}],"wp:term":[{"taxonomy":"category","embeddable":true,"href":"https:\/\/elazigtso.org.tr\/tr\/index.php\/wp-json\/wp\/v2\/categories?post=2676"},{"taxonomy":"post_tag","embeddable":true,"href":"https:\/\/elazigtso.org.tr\/tr\/index.php\/wp-json\/wp\/v2\/tags?post=2676"}],"curies":[{"name":"wp","href":"https:\/\/api.w.org\/{rel}","templated":true}]}}