{"id":2665,"date":"2022-12-05T10:48:00","date_gmt":"2022-12-05T07:48:00","guid":{"rendered":"http:\/\/elazigtso.com\/tr\/?p=2665"},"modified":"2023-07-21T14:00:21","modified_gmt":"2023-07-21T11:00:21","slug":"gumruk-ve-turizm-isletmeleri-gti-yonetim-kurulu-baskani-m-arif-parmaksiz-elazig-tso-baskani-idris-alani-ziyaret-etti","status":"publish","type":"post","link":"https:\/\/elazigtso.org.tr\/tr\/index.php\/2022\/12\/05\/gumruk-ve-turizm-isletmeleri-gti-yonetim-kurulu-baskani-m-arif-parmaksiz-elazig-tso-baskani-idris-alani-ziyaret-etti\/","title":{"rendered":"G\u00fcmr\u00fck ve Turizm \u0130\u015fletmeleri (GT\u0130) Y\u00f6netim Kurulu Ba\u015fkan\u0131 M.Arif Parmaks\u0131z Elaz\u0131\u011f TSO Ba\u015fkan\u0131 \u0130dris Alan\u2019\u0131 ziyaret etti."},"content":{"rendered":"\n<p><strong>G\u00fcmr\u00fck ve Turizm \u0130\u015fletmeleri Y\u00f6netim Kurulu Ba\u015fkan\u0131 ve Nev\u015fehir TSO Y\u00f6netim Kurulu Ba\u015fkan\u0131 M.Arif Parmaks\u0131z Elaz\u0131\u011f Ticaret ve Sanayi Odas\u0131\u2019n\u0131 ziyaret ederek, Ba\u015fkan Alan ile bir araya geldi.<\/strong><\/p>\n\n\n\n<br>\n\n\n\n<p><\/p>\n\n\n\n<figure class=\"wp-block-image size-large\"><img fetchpriority=\"high\" decoding=\"async\" width=\"1024\" height=\"683\" src=\"http:\/\/elazigtso.com\/tr\/wp-content\/uploads\/2023\/03\/638dedc60f662-1024x683.jpeg\" alt=\"\" class=\"wp-image-2668\" srcset=\"https:\/\/elazigtso.org.tr\/tr\/wp-content\/uploads\/2023\/03\/638dedc60f662-1024x683.jpeg 1024w, https:\/\/elazigtso.org.tr\/tr\/wp-content\/uploads\/2023\/03\/638dedc60f662-300x200.jpeg 300w, https:\/\/elazigtso.org.tr\/tr\/wp-content\/uploads\/2023\/03\/638dedc60f662-768x512.jpeg 768w, https:\/\/elazigtso.org.tr\/tr\/wp-content\/uploads\/2023\/03\/638dedc60f662-1536x1024.jpeg 1536w, https:\/\/elazigtso.org.tr\/tr\/wp-content\/uploads\/2023\/03\/638dedc60f662-2048x1365.jpeg 2048w\" sizes=\"(max-width: 1024px) 100vw, 1024px\" \/><\/figure>\n\n\n\n<br>\n\n\n\n<p><\/p>\n\n\n\n<p><strong>\u0130dris Alan ile 40 y\u0131ld\u0131r dostuz.<\/strong><\/p>\n\n\n\n<br>\n\n\n\n<p>Ziyaretlerinde de\u011ferlendirmelerde bulunan G\u00fcmr\u00fck ve Turizm \u0130\u015fletmeleri Y\u00f6netim Kurulu Ba\u015fkan\u0131 ve Nev\u015fehir TSO Y\u00f6netim Kurulu Ba\u015fkan\u0131 M.Arif Parmaks\u0131z, Elaz\u0131\u011f TSO Y\u00f6netim Kurulu Ba\u015fkan\u0131 \u0130dris Alan ile 40 y\u0131ll\u0131k dostluklar\u0131 oldu\u011funu vurgulayarak: \u201cElaz\u0131\u011f Ticaret ve Sanayi Odas\u0131 Ba\u015fkanl\u0131\u011f\u0131na yeniden se\u00e7ilen Sn.\u0130dris Alan, benim 40 y\u0131ll\u0131k dostumdur. Se\u00e7imi kazanmalar\u0131ndan \u00f6t\u00fcr\u00fc kendilerine hay\u0131rl\u0131 olsun ziyareti ger\u00e7ekle\u015ftirdim. \u0130n\u015fallah yeni d\u00f6nemde hep birlikte Elaz\u0131\u011f\u2019a ve \u00dclkemize hay\u0131rl\u0131 i\u015fler yapar\u0131z.\u201d Dedi.<\/p>\n\n\n\n<br>\n\n\n\n<p><\/p>\n\n\n\n<figure class=\"wp-block-image size-large\"><img decoding=\"async\" width=\"1024\" height=\"683\" src=\"http:\/\/elazigtso.com\/tr\/wp-content\/uploads\/2023\/03\/638dedc708835-1024x683.jpeg\" alt=\"\" class=\"wp-image-2672\" srcset=\"https:\/\/elazigtso.org.tr\/tr\/wp-content\/uploads\/2023\/03\/638dedc708835-1024x683.jpeg 1024w, https:\/\/elazigtso.org.tr\/tr\/wp-content\/uploads\/2023\/03\/638dedc708835-300x200.jpeg 300w, https:\/\/elazigtso.org.tr\/tr\/wp-content\/uploads\/2023\/03\/638dedc708835-768x512.jpeg 768w, https:\/\/elazigtso.org.tr\/tr\/wp-content\/uploads\/2023\/03\/638dedc708835-1536x1024.jpeg 1536w, https:\/\/elazigtso.org.tr\/tr\/wp-content\/uploads\/2023\/03\/638dedc708835-2048x1365.jpeg 2048w\" sizes=\"(max-width: 1024px) 100vw, 1024px\" \/><\/figure>\n\n\n\n<br>\n\n\n\n<p><\/p>\n\n\n\n<p><strong>\u0130n\u015fallah TOBB nezdinde hem \u00dclkemize hem de \u0130limize hay\u0131rl\u0131 hizmetlerde bulunaca\u011f\u0131z<\/strong><\/p>\n\n\n\n<br>\n\n\n\n<p>Ziyaretlere ili\u015fkin de\u011ferlendirmelerde bulunan Elaz\u0131\u011f TSO Y\u00f6netim Kurulu Ba\u015fkan\u0131 \u0130dris Alan: \u201c\u00c7ok K\u0131ymetli Nev\u015fehir TSO Ba\u015fkan\u0131m\u0131z ve G\u00fcmr\u00fck ve Turizm \u0130\u015fletmeleri (GT\u0130) Y\u00f6netim Kurulu Ba\u015fkan\u0131m\u0131z ve \u00f6nceki d\u00f6nemlerde TOBB Y\u00f6netim Kurulu \u00dcyemiz, benim i\u00e7in \u00e7ok k\u0131ymetli Sn. Arif Parmaks\u0131z ba\u015fkan\u0131m\u0131z odam\u0131za hay\u0131rl\u0131 olsun ziyaretinde bulundular. Kendilerine \u00e7ok te\u015fekk\u00fcrler ediyorum. Kendilerinin de ifade etti\u011fi gibi \u0130n\u015fallah T\u00fcrkiye Odalar ve Borsalar Birli\u011fi (TOBB) nezdinde, hem \u0130limize hem de \u00dclkemize hay\u0131rl\u0131 hizmetler yapmay\u0131 Rabbim bizlere nasip eylesin. Tekrar ho\u015f geldiniz \u015feref verdiniz.\u201d Dedi.<\/p>\n","protected":false},"excerpt":{"rendered":"<p>G\u00fcmr\u00fck ve Turizm \u0130\u015fletmeleri Y\u00f6netim Kurulu Ba\u015fkan\u0131 ve Nev\u015fehir TSO Y\u00f6netim Kurulu Ba\u015fkan\u0131 M.Arif Parmaks\u0131z Elaz\u0131\u011f Ticaret ve Sanayi Odas\u0131\u2019n\u0131 ziyaret ederek, Ba\u015fkan Alan ile bir araya geldi. \u0130dris Alan ile 40 y\u0131ld\u0131r dostuz. Ziyaretlerinde de\u011ferlendirmelerde bulunan G\u00fcmr\u00fck ve Turizm \u0130\u015fletmeleri Y\u00f6netim Kurulu Ba\u015fkan\u0131 ve Nev\u015fehir TSO Y\u00f6netim Kurulu Ba\u015fkan\u0131 M.Arif Parmaks\u0131z, Elaz\u0131\u011f TSO Y\u00f6netim [&hellip;]<\/p>\n","protected":false},"author":1,"featured_media":2666,"comment_status":"closed","ping_status":"closed","sticky":false,"template":"","format":"standard","meta":{"_jetpack_memberships_contains_paid_content":false,"footnotes":""},"categories":[38],"tags":[],"class_list":["post-2665","post","type-post","status-publish","format-standard","has-post-thumbnail","hentry","category-haberler"],"jetpack_sharing_enabled":true,"jetpack_featured_media_url":"https:\/\/elazigtso.org.tr\/tr\/wp-content\/uploads\/2023\/03\/r1OGXSHnH6-scaled.jpeg","_links":{"self":[{"href":"https:\/\/elazigtso.org.tr\/tr\/index.php\/wp-json\/wp\/v2\/posts\/2665","targetHints":{"allow":["GET"]}}],"collection":[{"href":"https:\/\/elazigtso.org.tr\/tr\/index.php\/wp-json\/wp\/v2\/posts"}],"about":[{"href":"https:\/\/elazigtso.org.tr\/tr\/index.php\/wp-json\/wp\/v2\/types\/post"}],"author":[{"embeddable":true,"href":"https:\/\/elazigtso.org.tr\/tr\/index.php\/wp-json\/wp\/v2\/users\/1"}],"replies":[{"embeddable":true,"href":"https:\/\/elazigtso.org.tr\/tr\/index.php\/wp-json\/wp\/v2\/comments?post=2665"}],"version-history":[{"count":1,"href":"https:\/\/elazigtso.org.tr\/tr\/index.php\/wp-json\/wp\/v2\/posts\/2665\/revisions"}],"predecessor-version":[{"id":2675,"href":"https:\/\/elazigtso.org.tr\/tr\/index.php\/wp-json\/wp\/v2\/posts\/2665\/revisions\/2675"}],"wp:featuredmedia":[{"embeddable":true,"href":"https:\/\/elazigtso.org.tr\/tr\/index.php\/wp-json\/wp\/v2\/media\/2666"}],"wp:attachment":[{"href":"https:\/\/elazigtso.org.tr\/tr\/index.php\/wp-json\/wp\/v2\/media?parent=2665"}],"wp:term":[{"taxonomy":"category","embeddable":true,"href":"https:\/\/elazigtso.org.tr\/tr\/index.php\/wp-json\/wp\/v2\/categories?post=2665"},{"taxonomy":"post_tag","embeddable":true,"href":"https:\/\/elazigtso.org.tr\/tr\/index.php\/wp-json\/wp\/v2\/tags?post=2665"}],"curies":[{"name":"wp","href":"https:\/\/api.w.org\/{rel}","templated":true}]}}