{"id":2637,"date":"2022-11-21T10:35:00","date_gmt":"2022-11-21T07:35:00","guid":{"rendered":"http:\/\/elazigtso.com\/tr\/?p=2637"},"modified":"2023-07-21T14:00:34","modified_gmt":"2023-07-21T11:00:34","slug":"baskan-idris-alan-goreve-basladi","status":"publish","type":"post","link":"https:\/\/elazigtso.org.tr\/tr\/index.php\/2022\/11\/21\/baskan-idris-alan-goreve-basladi\/","title":{"rendered":"Ba\u015fkan \u0130dris Alan G\u00f6reve Ba\u015flad\u0131"},"content":{"rendered":"\n<p><strong>Elaz\u0131\u011f Ticaret ve Sanayi Odas\u0131 Y\u00f6netim Kurulu Ba\u015fkan\u0131 \u0130dris Alan yeni y\u00f6netim kurulu ile birlikte g\u00f6revine ba\u015flad\u0131.<\/strong><\/p>\n\n\n\n<br>\n\n\n\n<p>&nbsp;&nbsp;&nbsp;&nbsp;12 Kas\u0131m 2022 tarihinde ger\u00e7ekle\u015ftirilen se\u00e7imlerde Elaz\u0131\u011f TSO tarihinin en farkl\u0131 se\u00e7im galibiyeti ile Ba\u015fkanl\u0131k koltu\u011funa oturan \u0130dris Alan, Elaz\u0131\u011f TSO Meclis Ba\u015fkan\u0131 Sedat Karata\u015f ve yeni y\u00f6netim kurulu ekibine rozetlerini takarak Elaz\u0131\u011f TSO\u2019da mesaisine ba\u015flad\u0131.<\/p>\n\n\n\n<br>\n\n\n\n<p><strong>Birle\u015ftirici ve B\u00fct\u00fcnle\u015ftirici Y\u00f6netim Olarak Bismillah Dedik.<\/strong><\/p>\n\n\n\n<br>\n\n\n\n<p>\u00a0\u00a0\u00a0\u00a0Yeni y\u00f6netim d\u00f6nemlerini; birlik ve beraberlik i\u00e7erisinde s\u00fcrece\u011fini belirten Ba\u015fkan \u0130dris Alan: \u201cElaz\u0131\u011f\u2019\u0131n menfaatlerine do\u011frultusunda g\u00fc\u00e7 birli\u011fi ile\u00a0\u00dcye memnuniyeti odakl\u0131, \u00fcye sorunlar\u0131, ilimizin sorunlar\u0131 ve \u00fclke sorunlar\u0131n\u0131n \u00e7\u00f6z\u00fcm\u00fcne katk\u0131 sa\u011flayan, her zaman ve her ko\u015fulda ortak ak\u0131lla hareket eden bir anlay\u0131\u015fla: \u00e7al\u0131\u015fan, hizmet eden, gayret eden, m\u00fccadele eden, grupla\u015fmayan, kamuoyunu b\u00f6lmeyen, \u00f6tekile\u015ftirici de\u011fil birle\u015ftirici ve b\u00fct\u00fcnle\u015ftirici bir Ticaret ve Sanayi Odas\u0131 Y\u00f6netimi olarak Bismillah dedik ve g\u00f6revimize ba\u015flad\u0131k. \u0130\u015f D\u00fcnyam\u0131za hay\u0131rl\u0131 ve u\u011furlu olsun.\u201d dedi.\u00a0<\/p>\n\n\n\n<br>\n\n\n\n<p><\/p>\n\n\n\n<figure class=\"wp-block-image size-large is-resized\"><img fetchpriority=\"high\" decoding=\"async\" src=\"http:\/\/elazigtso.com\/tr\/wp-content\/uploads\/2023\/03\/637b4ed5150c1-1024x683.jpeg\" alt=\"\" class=\"wp-image-2642\" width=\"1182\" height=\"788\" srcset=\"https:\/\/elazigtso.org.tr\/tr\/wp-content\/uploads\/2023\/03\/637b4ed5150c1-1024x683.jpeg 1024w, https:\/\/elazigtso.org.tr\/tr\/wp-content\/uploads\/2023\/03\/637b4ed5150c1-300x200.jpeg 300w, https:\/\/elazigtso.org.tr\/tr\/wp-content\/uploads\/2023\/03\/637b4ed5150c1-768x512.jpeg 768w, https:\/\/elazigtso.org.tr\/tr\/wp-content\/uploads\/2023\/03\/637b4ed5150c1.jpeg 1368w\" sizes=\"(max-width: 1182px) 100vw, 1182px\" \/><\/figure>\n","protected":false},"excerpt":{"rendered":"<p>Elaz\u0131\u011f Ticaret ve Sanayi Odas\u0131 Y\u00f6netim Kurulu Ba\u015fkan\u0131 \u0130dris Alan yeni y\u00f6netim kurulu ile birlikte g\u00f6revine ba\u015flad\u0131. &nbsp;&nbsp;&nbsp;&nbsp;12 Kas\u0131m 2022 tarihinde ger\u00e7ekle\u015ftirilen se\u00e7imlerde Elaz\u0131\u011f TSO tarihinin en farkl\u0131 se\u00e7im galibiyeti ile Ba\u015fkanl\u0131k koltu\u011funa oturan \u0130dris Alan, Elaz\u0131\u011f TSO Meclis Ba\u015fkan\u0131 Sedat Karata\u015f ve yeni y\u00f6netim kurulu ekibine rozetlerini takarak Elaz\u0131\u011f TSO\u2019da mesaisine ba\u015flad\u0131. Birle\u015ftirici ve [&hellip;]<\/p>\n","protected":false},"author":1,"featured_media":2638,"comment_status":"closed","ping_status":"closed","sticky":false,"template":"","format":"standard","meta":{"_jetpack_memberships_contains_paid_content":false,"footnotes":""},"categories":[38],"tags":[],"class_list":["post-2637","post","type-post","status-publish","format-standard","has-post-thumbnail","hentry","category-haberler"],"jetpack_sharing_enabled":true,"jetpack_featured_media_url":"https:\/\/elazigtso.org.tr\/tr\/wp-content\/uploads\/2023\/03\/B4EYRHOS2o.jpeg","_links":{"self":[{"href":"https:\/\/elazigtso.org.tr\/tr\/index.php\/wp-json\/wp\/v2\/posts\/2637","targetHints":{"allow":["GET"]}}],"collection":[{"href":"https:\/\/elazigtso.org.tr\/tr\/index.php\/wp-json\/wp\/v2\/posts"}],"about":[{"href":"https:\/\/elazigtso.org.tr\/tr\/index.php\/wp-json\/wp\/v2\/types\/post"}],"author":[{"embeddable":true,"href":"https:\/\/elazigtso.org.tr\/tr\/index.php\/wp-json\/wp\/v2\/users\/1"}],"replies":[{"embeddable":true,"href":"https:\/\/elazigtso.org.tr\/tr\/index.php\/wp-json\/wp\/v2\/comments?post=2637"}],"version-history":[{"count":1,"href":"https:\/\/elazigtso.org.tr\/tr\/index.php\/wp-json\/wp\/v2\/posts\/2637\/revisions"}],"predecessor-version":[{"id":2643,"href":"https:\/\/elazigtso.org.tr\/tr\/index.php\/wp-json\/wp\/v2\/posts\/2637\/revisions\/2643"}],"wp:featuredmedia":[{"embeddable":true,"href":"https:\/\/elazigtso.org.tr\/tr\/index.php\/wp-json\/wp\/v2\/media\/2638"}],"wp:attachment":[{"href":"https:\/\/elazigtso.org.tr\/tr\/index.php\/wp-json\/wp\/v2\/media?parent=2637"}],"wp:term":[{"taxonomy":"category","embeddable":true,"href":"https:\/\/elazigtso.org.tr\/tr\/index.php\/wp-json\/wp\/v2\/categories?post=2637"},{"taxonomy":"post_tag","embeddable":true,"href":"https:\/\/elazigtso.org.tr\/tr\/index.php\/wp-json\/wp\/v2\/tags?post=2637"}],"curies":[{"name":"wp","href":"https:\/\/api.w.org\/{rel}","templated":true}]}}