{"id":2622,"date":"2022-11-19T10:31:00","date_gmt":"2022-11-19T07:31:00","guid":{"rendered":"http:\/\/elazigtso.com\/tr\/?p=2622"},"modified":"2025-12-17T12:23:48","modified_gmt":"2025-12-17T09:23:48","slug":"elazig-tso-2022-2026-hizmet-donemi-yonetim-kurulu-ve-meclis-baskani-belli-oldu","status":"publish","type":"post","link":"https:\/\/elazigtso.org.tr\/tr\/index.php\/2022\/11\/19\/elazig-tso-2022-2026-hizmet-donemi-yonetim-kurulu-ve-meclis-baskani-belli-oldu\/","title":{"rendered":"Elaz\u0131\u011f TSO 2022-2026 Hizmet D\u00f6nemi Y\u00f6netim Kurulu ve Meclis Ba\u015fkan\u0131 Belli Oldu"},"content":{"rendered":"\n<p><strong>12 Kas\u0131m tarihinde gidilen Meslek Komitesi se\u00e7imleri sonucunda se\u00e7ilen Elaz\u0131\u011f TSO Meclis \u00dcyeleri, Elaz\u0131\u011f TSO Vali Murat Zorluo\u011flu Konferans Salonu\u2019nda bir araya gelerek Elaz\u0131\u011f Ticaret ve Sanayi Odas\u0131 Y\u00f6netim Kurulu Ba\u015fkan\u0131 ve \u00dcyeleri, Disiplin Kurulu \u00dcyeleri, Genel Kurul Delegeleri ve Meclis Ba\u015fkanl\u0131\u011f\u0131 se\u00e7imleri ger\u00e7ekle\u015fti.<\/strong><\/p>\n\n\n\n<br>\n\n\n\n<p><strong>\u00dcyelerimiz, Tevecc\u00fchleri ile Bizleri Bu Makama Yeniden L\u00e2y\u0131k G\u00f6rd\u00fcler.<\/strong><\/p>\n\n\n\n<br>\n\n\n\n<p><\/p>\n\n\n\n<figure class=\"wp-block-image size-large\"><img fetchpriority=\"high\" decoding=\"async\" width=\"1024\" height=\"682\" src=\"http:\/\/elazigtso.com\/tr\/wp-content\/uploads\/2023\/03\/6378f3901fc10-1024x682.jpeg\" alt=\"\" class=\"wp-image-2623\" srcset=\"https:\/\/elazigtso.org.tr\/tr\/wp-content\/uploads\/2023\/03\/6378f3901fc10-1024x682.jpeg 1024w, https:\/\/elazigtso.org.tr\/tr\/wp-content\/uploads\/2023\/03\/6378f3901fc10-300x200.jpeg 300w, https:\/\/elazigtso.org.tr\/tr\/wp-content\/uploads\/2023\/03\/6378f3901fc10-768x512.jpeg 768w, https:\/\/elazigtso.org.tr\/tr\/wp-content\/uploads\/2023\/03\/6378f3901fc10-1536x1023.jpeg 1536w, https:\/\/elazigtso.org.tr\/tr\/wp-content\/uploads\/2023\/03\/6378f3901fc10.jpeg 1600w\" sizes=\"(max-width: 1024px) 100vw, 1024px\" \/><\/figure>\n\n\n\n<br>\n\n\n\n<p><\/p>\n\n\n\n<p><strong>Elaz\u0131\u011f Ticaret ve Sanayi Odas\u0131 Y\u00f6netim Kurulu Ba\u015fkanl\u0131\u011f\u0131na se\u00e7ilen \u0130dris ALAN konu\u015fmas\u0131nda;<\/strong><\/p>\n\n\n\n<br>\n\n\n\n<p><strong>\u201c\u0130\u015f d\u00fcnyam\u0131z\u0131n \u00e7ok de\u011ferli temsilcileri, \u00c7ok de\u011ferli yol arkada\u015flar\u0131m, Odam\u0131z\u0131n bayra\u011f\u0131n\u0131 lay\u0131k\u0131yla ta\u015f\u0131y\u0131p \u015fehrimize de\u011fer katan k\u0131ymetli \u00fcyelerimiz, \u00c7ok de\u011ferli han\u0131mefendiler, beyefendiler, De\u011ferli Bas\u0131n mensuplar\u0131 ve Sayg\u0131de\u011fer Elaz\u0131\u011fl\u0131 hem\u015ferilerim, Hepinizi \u015fahs\u0131m ve ekibim ad\u0131na en kalbi duygular\u0131mla, muhabbetle, h\u00fcrmetle selaml\u0131yorum. Bug\u00fcn Odam\u0131z ve \u0130limizin i\u015f d\u00fcnyas\u0131 ad\u0131na tarihi bir g\u00fcn\u00fcn heyecan\u0131n\u0131 ve co\u015fkusunu ya\u015famaktay\u0131z. Ge\u00e7ti\u011fimiz hafta bug\u00fcn ger\u00e7ekle\u015ftirdi\u011fimiz Elaz\u0131\u011f Ticaret ve Sanayi Odas\u0131 Se\u00e7imlerinde, gruplar\u0131m\u0131z; \u00fcyelerimizin tevecc\u00fch\u00fcyle Elaz\u0131\u011f Ticaret ve Sanayi Odas\u0131 Se\u00e7imleri tarihinin en farkl\u0131 sonucu ile bizleri bu makama yeniden l\u00e2y\u0131k g\u00f6rd\u00fcler.<\/strong><\/p>\n\n\n\n<br>\n\n\n\n<p><\/p>\n\n\n\n<figure class=\"wp-block-image size-large\"><img decoding=\"async\" width=\"1024\" height=\"682\" src=\"http:\/\/elazigtso.com\/tr\/wp-content\/uploads\/2023\/03\/6378f39061b53-1024x682.jpeg\" alt=\"\" class=\"wp-image-2625\" srcset=\"https:\/\/elazigtso.org.tr\/tr\/wp-content\/uploads\/2023\/03\/6378f39061b53-1024x682.jpeg 1024w, https:\/\/elazigtso.org.tr\/tr\/wp-content\/uploads\/2023\/03\/6378f39061b53-300x200.jpeg 300w, https:\/\/elazigtso.org.tr\/tr\/wp-content\/uploads\/2023\/03\/6378f39061b53-768x512.jpeg 768w, https:\/\/elazigtso.org.tr\/tr\/wp-content\/uploads\/2023\/03\/6378f39061b53-1536x1023.jpeg 1536w, https:\/\/elazigtso.org.tr\/tr\/wp-content\/uploads\/2023\/03\/6378f39061b53.jpeg 1600w\" sizes=\"(max-width: 1024px) 100vw, 1024px\" \/><\/figure>\n\n\n\n<br>\n\n\n\n<p><\/p>\n\n\n\n<p><\/p>\n\n\n\n<p><strong>Se\u00e7imlerimiz Huzur ve S\u00fckunet Ortam\u0131nda Ger\u00e7ekle\u015fti.<\/strong><\/p>\n\n\n\n<br>\n\n\n\n<p><strong>Yol arkada\u015flar\u0131m\u0131z\u0131n \u00fcst\u00fcn gayret ve eme\u011fi ile, 41 \u00fcyeden olu\u015fan meclisimizin 36\u2019s\u0131 beyaz pusula adaylar\u0131 olarak Allah\u2019a \u015f\u00fck\u00fcrler olsun ki ald\u0131k. Buradan bir kez daha bu fedak\u00e2r yol arkada\u015flar\u0131ma huzurlar\u0131n\u0131zda \u015f\u00fckranlar\u0131m\u0131z\u0131 sunuyorum. 12 Kas\u0131m 2022 tarihinde ger\u00e7ekle\u015ftirdi\u011fimiz se\u00e7imde; demokrasinin en sa\u011flam \u00f6rne\u011fini ortaya koyarak demokratik ortamda \u00f6zg\u00fcr irademizle tercihlerimizi oylad\u0131k.&nbsp; Huzur ve s\u00fckunet ortam\u0131nda ge\u00e7en se\u00e7imimize kat\u0131l\u0131m oran\u0131n\u0131n y\u00fcksek olmas\u0131, oda \u00fcyelerimizin demokratik duru\u015flar\u0131n\u0131 ve oy verme d\u00fcsturuna ne kadar \u00f6nem verdiklerini bir kez daha g\u00f6zler \u00f6n\u00fcne sermi\u015ftir.<\/strong><\/p>\n\n\n\n<br>\n\n\n\n<p><\/p>\n\n\n\n<figure class=\"wp-block-image size-large\"><img decoding=\"async\" width=\"1024\" height=\"682\" src=\"http:\/\/elazigtso.com\/tr\/wp-content\/uploads\/2023\/03\/6378f39075ada-1024x682.jpeg\" alt=\"\" class=\"wp-image-2626\" srcset=\"https:\/\/elazigtso.org.tr\/tr\/wp-content\/uploads\/2023\/03\/6378f39075ada-1024x682.jpeg 1024w, https:\/\/elazigtso.org.tr\/tr\/wp-content\/uploads\/2023\/03\/6378f39075ada-300x200.jpeg 300w, https:\/\/elazigtso.org.tr\/tr\/wp-content\/uploads\/2023\/03\/6378f39075ada-768x512.jpeg 768w, https:\/\/elazigtso.org.tr\/tr\/wp-content\/uploads\/2023\/03\/6378f39075ada-1536x1023.jpeg 1536w, https:\/\/elazigtso.org.tr\/tr\/wp-content\/uploads\/2023\/03\/6378f39075ada.jpeg 1600w\" sizes=\"(max-width: 1024px) 100vw, 1024px\" \/><\/figure>\n\n\n\n<br>\n\n\n\n<p><\/p>\n\n\n\n<p><strong>Bizler \u0130\u00e7in \u201cSe\u00e7im \u00c7al\u0131\u015fmas\u0131\u201d Her zaman ve her \u015fart alt\u0131nda \u00dcyelerimizin Yan\u0131nda Olmakt\u0131r.<\/strong><\/p>\n\n\n\n<br>\n\n\n\n<p><strong>Se\u00e7imlerimizin ho\u015fg\u00f6r\u00fc i\u00e7erisinde, son derece m\u00fcreffeh ve g\u00fcvenli bir atmosferde ger\u00e7ekle\u015ftirilmesine katk\u0131 sa\u011flayan \u0130l ve \u0130l\u00e7e Se\u00e7im Kurulumuza, \u0130limizin Emniyet g\u00fc\u00e7lerine ve de\u011ferli \u00fcyelerimize ortaya koyduklar\u0131 ho\u015fg\u00f6r\u00fc ve nezaket i\u00e7in te\u015fekk\u00fcrlerimi iletiyorum. Bizler \u201cse\u00e7im \u00e7al\u0131\u015fmas\u0131\u201d kavram\u0131n\u0131<\/strong> <strong>se\u00e7imler yakla\u015ft\u0131\u011f\u0131nda sahaya inerek de\u011fil, profesyonel bir stratejik vizyon dahilinde, her zaman ve her \u015fart alt\u0131nda \u00dcyelerimizin yan\u0131nda olmak, hizmetlerimizi sunmak olarak benimsemi\u015f bir ekibiz.<\/strong><\/p>\n\n\n\n<br>\n\n\n\n<p><\/p>\n\n\n\n<figure class=\"wp-block-image size-large\"><img loading=\"lazy\" decoding=\"async\" width=\"1024\" height=\"682\" src=\"http:\/\/elazigtso.com\/tr\/wp-content\/uploads\/2023\/03\/6378f39088a71-1024x682.jpeg\" alt=\"\" class=\"wp-image-2627\" srcset=\"https:\/\/elazigtso.org.tr\/tr\/wp-content\/uploads\/2023\/03\/6378f39088a71-1024x682.jpeg 1024w, https:\/\/elazigtso.org.tr\/tr\/wp-content\/uploads\/2023\/03\/6378f39088a71-300x200.jpeg 300w, https:\/\/elazigtso.org.tr\/tr\/wp-content\/uploads\/2023\/03\/6378f39088a71-768x512.jpeg 768w, https:\/\/elazigtso.org.tr\/tr\/wp-content\/uploads\/2023\/03\/6378f39088a71-1536x1023.jpeg 1536w, https:\/\/elazigtso.org.tr\/tr\/wp-content\/uploads\/2023\/03\/6378f39088a71.jpeg 1600w\" sizes=\"(max-width: 1024px) 100vw, 1024px\" \/><\/figure>\n\n\n\n<br>\n\n\n\n<p><\/p>\n\n\n\n<p><strong>2022-2026 Hizmet D\u00f6nemimizde, daha \u00f6nceki d\u00f6nemimizde oldu\u011fu gibi a\u011fz\u0131m\u0131zdan \u00e7\u0131kan her s\u00f6z\u00fc yerine getirmek gibi \u00f6nemli bir g\u00f6revimiz var.<\/strong><strong><\/strong><\/p>\n\n\n\n<br>\n\n\n\n<p><strong>Bizler bug\u00fcnden itibaren Elaz\u0131\u011f Ticaret ve Sanayi Odas\u0131\u2019n\u0131n \u00dcyelerimize hizmetini her zaman en \u00fcst seviyede tutmak i\u00e7in buraday\u0131z.<\/strong><strong><\/strong><\/p>\n\n\n\n<br>\n\n\n\n<p><strong>\u015eahs\u0131m, Y\u00f6netim Kurulumuz ve odam\u0131z\u0131n t\u00fcm temsilcileri olarak; bundan sonra da \u00fcye ve \u00fcye memnuniyeti odakl\u0131, \u00fcye sorunlar\u0131, ilimizin sorunlar\u0131 ve \u00fclke sorunlar\u0131n\u0131n \u00e7\u00f6z\u00fcm\u00fcne katk\u0131 sa\u011flayan, g\u00f6n\u00fcl g\u00f6n\u00fcle verip ben de\u011fil biz diyen, her zaman ve her ko\u015fulda birlikte \u00e7al\u0131\u015fan bir Oda olmaya gayret edece\u011fiz.<\/strong><strong><\/strong><\/p>\n\n\n\n<br>\n\n\n\n<p><strong>G\u00fcc\u00fcn\u00fc \u00fcyelerinden alan bir Oda olarak, \u00fcyelerimizden ald\u0131\u011f\u0131m\u0131z g\u00fc\u00e7 ve irade sayesinde, Odam\u0131z\u0131, \u00fcyelerimizi ve Elaz\u0131\u011f\u2019\u0131m\u0131z\u0131 lay\u0131k\u0131yla temsil etmeye ve gelece\u011fin geli\u015fen Elaz\u0131\u011f\u2019\u0131n\u0131 ortak ak\u0131lla in\u015fa etmeye devam edece\u011fiz.<\/strong><strong><\/strong><\/p>\n\n\n\n<br>\n\n\n\n<p><strong>Bizim anlay\u0131\u015f\u0131m\u0131zda;<\/strong><strong><\/strong><\/p>\n\n\n\n<br>\n\n\n\n<p><strong>\u2022 Odam\u0131z\u0131n T\u00fcrkiye Odalar ve Borsalar Birli\u011fi\u2019ndeki temsili,<\/strong><strong><\/strong><\/p>\n\n\n\n<p><strong>\u2022 \u00dcyelerimizin i\u015flerini kolayla\u015ft\u0131rmak, Problemlerine h\u0131zl\u0131 bir \u015fekilde \u00e7\u00f6z\u00fcm getirmek,<\/strong><strong><\/strong><\/p>\n\n\n\n<p><strong>\u2022 Payda\u015flar\u0131m\u0131zla s\u0131k\u0131 bir temas ile \u00fczerimize d\u00fc\u015fen her g\u00f6revi lay\u0131k\u0131yla yerine getirerek Elaz\u0131\u011f\u2019\u0131m\u0131z i\u00e7in de\u011fer \u00fcreten bir Oda olmak,<\/strong><strong><\/strong><\/p>\n\n\n\n<p><strong>\u2022 Personelimizin \u00dcyelerimize ilgi ve al\u00e2kalar\u0131 k\u0131rm\u0131z\u0131 \u00e7izgimizdir.<\/strong><strong><\/strong><\/p>\n\n\n\n<br>\n\n\n\n<p><strong>Ayr\u0131ca, defaatle belirtti\u011fimiz ve s\u00f6z\u00fcn\u00fc verdi\u011fimiz \u00fczere, bizim y\u00f6netim d\u00f6nemiz; AR-GE Ekibimiz ile birlikte projeler ve hizmetler d\u00f6nemi olacakt\u0131r.<\/strong><strong><\/strong><\/p>\n\n\n\n<br>\n\n\n\n<p><strong>\u015eehrimiz bug\u00fcnden itibaren; \u00e7al\u0131\u015fan, hizmet eden, gayret eden, m\u00fccadele eden, grupla\u015fmayan, kamuoyunu b\u00f6lmeyen, \u00f6tekile\u015ftirici de\u011fil birle\u015ftirici ve b\u00fct\u00fcnle\u015ftirici bir Ticaret ve Sanayi Odas\u0131 Y\u00f6netimine kavu\u015fmu\u015ftur.<\/strong><strong><\/strong><\/p>\n\n\n\n<br>\n\n\n\n<p><strong>Bug\u00fcn Elaz\u0131\u011f Ticaret ve Sanayi Odas\u0131\u2019nda 33. D\u00f6nemi kapsayacak olan y\u00f6netim organlar\u0131m\u0131z \u015fekillenecek.<\/strong><strong><\/strong><\/p>\n\n\n\n<br>\n\n\n\n<p><strong>Yeni Meclisimiz, Yeni Y\u00f6netimimiz, Yeni Komitelerimiz Elaz\u0131\u011f\u2019\u0131m\u0131za hay\u0131rl\u0131 ve u\u011furlu olsun.<\/strong><strong><\/strong><\/p>\n\n\n\n<br>\n\n\n\n<p><strong>Hepinize en kalbi duygular\u0131mla te\u015fekk\u00fcrlerimi sunuyorum,<\/strong><strong><\/strong><\/p>\n\n\n\n<p><strong>Selam, sayg\u0131, h\u00fcrmet ve muhabbetle\u2026\u201d dedi.<\/strong><\/p>\n\n\n\n\n\n<p><\/p>\n\n\n\n<figure class=\"wp-block-image size-large\"><img loading=\"lazy\" decoding=\"async\" width=\"1024\" height=\"682\" src=\"http:\/\/elazigtso.com\/tr\/wp-content\/uploads\/2023\/03\/6378f3909b5b7-1024x682.jpeg\" alt=\"\" class=\"wp-image-2628\" srcset=\"https:\/\/elazigtso.org.tr\/tr\/wp-content\/uploads\/2023\/03\/6378f3909b5b7-1024x682.jpeg 1024w, https:\/\/elazigtso.org.tr\/tr\/wp-content\/uploads\/2023\/03\/6378f3909b5b7-300x200.jpeg 300w, https:\/\/elazigtso.org.tr\/tr\/wp-content\/uploads\/2023\/03\/6378f3909b5b7-768x512.jpeg 768w, https:\/\/elazigtso.org.tr\/tr\/wp-content\/uploads\/2023\/03\/6378f3909b5b7-1536x1023.jpeg 1536w, https:\/\/elazigtso.org.tr\/tr\/wp-content\/uploads\/2023\/03\/6378f3909b5b7.jpeg 1600w\" sizes=\"(max-width: 1024px) 100vw, 1024px\" \/><\/figure>\n\n\n\n<br>\n\n\n\n<p><\/p>\n\n\n\n<p><strong>Meclis \u00dcyelerinin Oylar\u0131yla Belirlenen Meclis Ba\u015fkanl\u0131\u011f\u0131\u2019na Sedat KARATA\u015e se\u00e7ildi.<\/strong><\/p>\n\n\n\n<br>\n\n\n\n<p><strong>Say\u0131n Ba\u015fkan\u0131m,<\/strong><strong><\/strong><\/p>\n\n\n\n<br>\n\n\n\n<p><strong>Odam\u0131z\u0131n \u00e7ok de\u011ferli \u00fcyeleri, \u00c7ok K\u0131ymetli Meclis \u00fcyelerimiz, \u0130\u015f d\u00fcnyam\u0131z\u0131n de\u011ferli temsilcileri,<\/strong><strong><\/strong><\/p>\n\n\n\n<br>\n\n\n\n<p><strong>De\u011ferli Bas\u0131n Mensuplar\u0131, Hepinizi en i\u00e7ten duygular\u0131mla selaml\u0131yorum.<\/strong><strong><\/strong><\/p>\n\n\n\n<br>\n\n\n\n<p><strong>12 Kas\u0131m 2022 tarihinde ger\u00e7ekle\u015ftirilen Elaz\u0131\u011f Ticaret ve Sanayi Odas\u0131 Se\u00e7imlerinde, \u00c7ok de\u011ferli Ba\u015fkan\u0131m\u0131z say\u0131n \u0130dris Alan \u00f6nderli\u011finde, beyaz pusula adaylar\u0131 olarak \u00e7\u0131kt\u0131\u011f\u0131m\u0131z me\u015fakkatli yolda Cenab-\u0131 Allah\u2019\u0131n takdiri ve \u00fcyelerimizin tevecc\u00fch\u00fc ile bu kutlu g\u00f6reve giden yolda muvaffak olduk.<\/strong><strong><\/strong><\/p>\n\n\n\n<br>\n\n\n\n<p><strong>Yine bug\u00fcn ger\u00e7ekle\u015ftirdi\u011fimiz organ se\u00e7imlerinde, ba\u015fta Ba\u015fkan\u0131m\u0131z say\u0131n \u0130dris Alan ve meclis \u00fcyelerimizin iradesi ile Meclis Ba\u015fkanl\u0131\u011f\u0131 g\u00f6revine se\u00e7ilmenin, bu kutlu makama ve ayn\u0131 zamanda vebal makam\u0131 olan bu zorlu makamla vazifelendirmenin gururunu ya\u015f\u0131yorum.<\/strong><strong><\/strong><\/p>\n\n\n\n<br>\n\n\n\n<p><strong>Bildi\u011finiz \u00fczere Ba\u015fkan\u0131m\u0131z Say\u0131n \u0130dris Alan liderli\u011finde, uzun ve yorucu bir se\u00e7im s\u00fcrecini geride b\u0131rakt\u0131k. &nbsp;\u00d6nce Meslek Komitesi \u00dcyelerimizin sonrada, Meclis \u00dcyelerimizin takdiriyle \u00f6n\u00fcm\u00fczdeki 4 y\u0131l i\u00e7in odam\u0131za, \u00fcyelerimize ve \u015fehrimize hizmet etme g\u00f6revini \u00fcstlendik.<\/strong><strong><\/strong><\/p>\n\n\n\n<br>\n\n\n\n<p><strong>T\u00fcm Meclis \u00dcyelerimize verdikleri destek, duyduklar\u0131 g\u00fcven dolay\u0131s\u0131yla te\u015fekk\u00fcr ediyorum. \u00d6n\u00fcm\u00fczdeki s\u00fcre\u00e7te Meclis olarak bug\u00fcne kadar yap\u0131lanlar\u0131n \u00fczerine \u00e7ok b\u00fcy\u00fck hizmetler katarak \u00e7al\u0131\u015faca\u011f\u0131z. Yap\u0131lan se\u00e7imler bir hizmet yar\u0131\u015f\u0131d\u0131r Bu yar\u0131\u015fta meclisimiz bayra\u011f\u0131 bize devretti. Bu bir bayrak yar\u0131\u015f\u0131d\u0131r, bu bayra\u011f\u0131 da hep beraber daha ileriye ta\u015f\u0131yaca\u011f\u0131z.<\/strong><strong><\/strong><\/p>\n\n\n\n<br>\n\n\n\n<p><strong>\u00c7ok de\u011ferli \u00fcyelerimiz \u00fczerlerine d\u00fc\u015fen g\u00f6revi yerine getirdi. \u015eimdi ise g\u00f6rev s\u0131ras\u0131 bizlerde ve en \u00f6nemlisi de\u011ferli meclis \u00fcyelerimizde. \u00c7\u00fcnk\u00fc meclis \u00fcyelerimiz \u015fehrimizin i\u015f d\u00fcnyas\u0131 taraf\u0131ndan se\u00e7ilmi\u015f ki\u015filer ve ayn\u0131 zamanda kendi sekt\u00f6rlerinde birer kanaat \u00f6nderi vasf\u0131 ile buradalar.<\/strong><strong><\/strong><\/p>\n\n\n\n<br>\n\n\n\n<p><strong>Meclisimiz, ekonomiyi, \u00fcyelerimizin sorunlar\u0131n\u0131 en yak\u0131ndan bilenlerden olu\u015fmakta. Bu nedenle yeni d\u00f6nemde meclis \u00fcyelerimizle her alanda daha etkin bir tutum geli\u015ftirerek \u00fcyelerimizin sorunlar\u0131n\u0131n \u00e7\u00f6z\u00fcm\u00fcnde aktif rol alaca\u011f\u0131z.&nbsp;<\/strong><strong><\/strong><\/p>\n\n\n\n<br>\n\n\n\n<p><strong>Elaz\u0131\u011f Ticaret ve Sanayi Odas\u0131n\u0131n meclis \u00fcyeleri, \u0130dris Ba\u015fkan\u0131m\u0131z\u0131n fedakar yol arkada\u015flar\u0131, bu konuda da fark\u0131n\u0131 ortaya koyacaklard\u0131r, buna y\u00fcrekten inan\u0131yorum.<\/strong><strong><\/strong><\/p>\n\n\n\n<br>\n\n\n\n<p><strong>K\u0131ymetli Meclis \u00dcyelerimiz!<\/strong><strong><\/strong><\/p>\n\n\n\n<br>\n\n\n\n<p><strong>Y\u0131llardan beri sahada, Elaz\u0131\u011f\u2019\u0131m\u0131z\u0131n ve \u00fcyelerimizin sorunlar\u0131 i\u00e7in gece g\u00fcnd\u00fcz demeden, dur durak bilmeden \u00e7al\u0131\u015fan, milletimizin derdi ile dertlenen ba\u015fkan\u0131m\u0131z say\u0131n \u0130dris Alan\u2019\u0131n ekibinde olmak, yol arkada\u015f\u0131 olmak&nbsp; ve Elaz\u0131\u011f\u2019\u0131m\u0131z\u0131n menfaatleri do\u011frultusunda b\u00fcy\u00fck emeklerle olu\u015fturdu\u011fu stratejik vizyona hizmet etmek onuruna lay\u0131k olman\u0131n gere\u011fini her birinizin tek tek hizmetlerimiz ile g\u00f6sterece\u011finizde \u015f\u00fcphemiz yoktur.<\/strong><strong><\/strong><\/p>\n\n\n\n<br>\n\n\n\n<p><strong>Bizler Meclisimizle birlikte \u015fehrimize ve \u00fcyelerimize hizmet etmeye talip olduk, bu g\u00f6reve bizi lay\u0131k g\u00f6rerek tevecc\u00fch g\u00f6steren t\u00fcm meclis \u00fcyelerimize ve Ba\u015fkan\u0131m\u0131z say\u0131n \u0130dris Alan\u2019a te\u015fekk\u00fcrlerimi sunuyorum.<\/strong><strong><\/strong><\/p>\n\n\n\n<br>\n\n\n\n<p><strong>G\u00f6rev s\u00fcremiz boyunca meclisimizle beraberlik i\u00e7erisinde, ilimizin ve \u00fcyelerimiz menfaatleri do\u011frultusunda \u00e7al\u0131\u015faca\u011f\u0131z, hizmet edece\u011fiz.<\/strong><strong><\/strong><\/p>\n\n\n\n<br>\n\n\n\n<p><strong>Elaz\u0131\u011f\u2019\u0131m\u0131z, odam\u0131z, i\u015f d\u00fcnyam\u0131z i\u00e7in hay\u0131rlara vesile olmas\u0131n\u0131 diliyorum.<\/strong><strong><\/strong><\/p>\n\n\n\n<br>\n\n\n\n<p><strong>Sa\u011f olun,<\/strong><strong><\/strong><\/p>\n\n\n\n<p><strong>Selam ve H\u00fcrmetle..<\/strong><strong><\/strong><\/p>\n\n\n\n<p><strong>Se\u00e7imlerin tamamlanmas\u0131 ile olu\u015fan Elaz\u0131\u011f TSO Y\u00f6netim Organlar\u0131;<\/strong><\/p>\n\n\n\n<br>\n\n\n\n<p><\/p>\n\n\n\n<figure class=\"wp-block-image size-large\"><img loading=\"lazy\" decoding=\"async\" width=\"1024\" height=\"682\" src=\"http:\/\/elazigtso.com\/tr\/wp-content\/uploads\/2023\/03\/6378f390b69f5-1024x682.jpeg\" alt=\"\" class=\"wp-image-2629\" srcset=\"https:\/\/elazigtso.org.tr\/tr\/wp-content\/uploads\/2023\/03\/6378f390b69f5-1024x682.jpeg 1024w, https:\/\/elazigtso.org.tr\/tr\/wp-content\/uploads\/2023\/03\/6378f390b69f5-300x200.jpeg 300w, https:\/\/elazigtso.org.tr\/tr\/wp-content\/uploads\/2023\/03\/6378f390b69f5-768x512.jpeg 768w, https:\/\/elazigtso.org.tr\/tr\/wp-content\/uploads\/2023\/03\/6378f390b69f5-1536x1023.jpeg 1536w, https:\/\/elazigtso.org.tr\/tr\/wp-content\/uploads\/2023\/03\/6378f390b69f5.jpeg 1600w\" sizes=\"(max-width: 1024px) 100vw, 1024px\" \/><\/figure>\n\n\n\n<br>\n\n\n\n<p><\/p>\n\n\n\n<p><\/p>\n\n\n\n<p><strong>Y\u00d6NET\u0130M KURULU BA\u015eKANI;<\/strong><\/p>\n\n\n\n<br>\n\n\n\n<p><strong>\u0130dris ALAN<\/strong><\/p>\n\n\n\n<br>\n\n\n\n<p><strong>ETSO MECL\u0130S BA\u015eKANI;<\/strong><\/p>\n\n\n\n<br>\n\n\n\n<p><strong>Sedat KARATA\u015e<\/strong><\/p>\n\n\n\n<br>\n\n\n\n<p><strong>Y\u00d6NET\u0130M KURULU \u00dcYELER\u0130;<\/strong><\/p>\n\n\n\n<br>\n\n\n\n<p><strong>G\u00fcrkan TALO<\/strong><\/p>\n\n\n\n<p><strong>Mustafa BALO\u011eULLARI<\/strong><\/p>\n\n\n\n<p><strong>Sinan PERDEC\u0130<\/strong><\/p>\n\n\n\n<p><strong>Nurettin PARLAKYILDIZ<\/strong><\/p>\n\n\n\n<p><strong>Ahmet Feti YILMAZ<\/strong><\/p>\n\n\n\n<p><strong>Sait U\u011fur K\u00d6SEL\u0130<\/strong><\/p>\n\n\n\n<p><strong>Ali DURUKSU<\/strong><\/p>\n\n\n\n<p><\/p>\n\n\n\n<p><strong>\u0130zzettin KARABULUT<\/strong><\/p>\n\n\n\n<p><strong>Nurullah YILDIZ<\/strong><\/p>\n\n\n\n<br>\n\n\n\n<p><strong>Y\u00d6NET\u0130M KURULU YEDEK \u00dcYELER\u0130;<\/strong><\/p>\n\n\n\n<br>\n\n\n\n<p><strong>Mesut SA\u011eLAMPINAR<\/strong><\/p>\n\n\n\n<p><strong>Alt\u0131n ALTUNBAY<\/strong><\/p>\n\n\n\n<p><strong>Murat DEN\u0130Z<\/strong><\/p>\n\n\n\n<p><strong>Cihan EREZ<\/strong><\/p>\n\n\n\n<p><strong>Ali Ersin \u00d6ZSOY<\/strong><\/p>\n\n\n\n<p><strong>Abdulkadir NAR<\/strong><\/p>\n\n\n\n<p><strong>\u00d6mer Faruk AKBULUT<\/strong><\/p>\n\n\n\n<p><strong>Bar\u0131\u015f ERPOLAT<\/strong><\/p>\n\n\n\n<p><strong>Abdulaziz BA\u015eKAN<\/strong><\/p>\n\n\n\n<p><strong>Cihan NURKALEM<\/strong><\/p>\n\n\n\n<br>\n\n\n\n<p><strong>D\u0130S\u0130PL\u0130N KURULU \u00dcYELER\u0130;<\/strong><\/p>\n\n\n\n<br>\n\n\n\n<p><strong>Z\u00fclf\u00fc DO\u011eAN (\u00d6z \u00c7elebiler Tar\u0131msal \u00dcr\u00fcnler \u0130ML. \u0130TH. \u0130HR. SAN. Ve T\u0130C. LTD. \u015eT\u0130)<\/strong><\/p>\n\n\n\n<p><strong>Muammer AYDO\u011eDU (Aydo\u011fdu M\u00fchendislik \u0130n\u015f. San. Ve Tic. Ltd. \u015eti.)<\/strong><\/p>\n\n\n\n<p><strong>Mehmet Tu\u011frul ERCAN (Efol Otomotiv Sanayi ve Tic. A.\u015e.)<\/strong><\/p>\n\n\n\n<p><strong>Abdulmelik G\u00dcRKAN (G\u00fcri\u015f Taahh\u00fct \u0130n\u015faat San. Ve Tic. Ltd. \u015eti.)<\/strong><\/p>\n\n\n\n<p><strong>Akif CENG\u0130Z (Ens M\u00fchendislik Mim. \u0130n\u015f. Taah. San. Tic. Ltd. \u015eti)<\/strong><\/p>\n\n\n\n<p><strong>Mehmet Baran KO\u00c7<\/strong><\/p>\n\n\n\n<br>\n\n\n\n<p><strong>D\u0130S\u0130PL\u0130N KURULU YEDEK \u00dcYELER\u0130;<\/strong><\/p>\n\n\n\n<br>\n\n\n\n<p><strong>Mehmet KAYA (Balkaya \u00d6zkan Petrol)<\/strong><\/p>\n\n\n\n<p><strong>Hakk\u0131 Geylani K\u0130\u015eMAN (Ki\u015fmanlar Otomotiv Mad. Tur. Pet. \u00dcr\u00fcn \u0130th. \u0130hr. San. Ve Tic. Ltd. \u015eti)<\/strong><\/p>\n\n\n\n<p><strong>Mehmet ATE\u015e (Suk Kuyumculuk Hayvanc\u0131l\u0131k \u0130n\u015faat G\u0131da Tem. Pey. San. Ve Tic. Ltd. \u015eti.)<\/strong><\/p>\n\n\n\n<p><strong>Okan KILI\u00c7 (Alt\u0131nk\u0131l\u0131\u00e7 Otomotiv \u0130n\u015faat Hayv. Petrol Peyzaj Sanayi Tic. Ltd. \u015eti.)<\/strong><\/p>\n\n\n\n<p><strong>Harun AYDIN (SGF Yap\u0131 Petrol G\u0131da Tar\u0131m Hayv. San. Tic. Ltd. \u015eti.)<\/strong><\/p>\n\n\n\n<p><strong>Mehmet Halil CAN<\/strong><\/p>\n\n\n\n<br>\n\n\n\n<p><strong>GENEL KURUL DELEGELER\u0130;<\/strong><\/p>\n\n\n\n<br>\n\n\n\n<p><strong>Mesut SA\u011eLAMPINAR<\/strong><\/p>\n\n\n\n<p><strong>Nihat Ak\u0131n KESK\u0130N<\/strong><\/p>\n\n\n\n<p><strong>Ayd\u0131n ALTUNBAY<\/strong><\/p>\n\n\n\n<p><strong>Burak YOL<\/strong><\/p>\n\n\n\n<p><strong>Cihan EREZ<\/strong><\/p>\n\n\n\n<p><strong>Y\u0131lmaz YE\u015e\u0130LKAYA<\/strong><\/p>\n\n\n\n<p><strong>Ayd\u0131n AKPINAR<\/strong><\/p>\n\n\n\n<br>\n\n\n\n<p><strong>GENEL KURUL YEDEK DELEGELER\u0130;<\/strong><\/p>\n\n\n\n<br>\n\n\n\n<p><strong>Mehmet SAYLAN<\/strong><\/p>\n\n\n\n<p><strong>Murat G\u00dcNAY<\/strong><\/p>\n\n\n\n<p><strong>Fatih \u00dcZEL<\/strong><\/p>\n\n\n\n<p><strong>Murat DEN\u0130Z<\/strong><\/p>\n\n\n\n<p><strong>Cihan NURKALEM<\/strong><\/p>\n\n\n\n<p><strong>Fatih \u00c7\u0130\u00c7EK\u00c7\u0130<\/strong><\/p>\n\n\n\n<p><strong>Abdullah HACIBEK\u0130RO\u011eULLARI<\/strong><\/p>\n\n\n\n<br>\n\n\n\n<figure class=\"wp-block-image size-large\"><img loading=\"lazy\" decoding=\"async\" width=\"1024\" height=\"682\" src=\"http:\/\/elazigtso.com\/tr\/wp-content\/uploads\/2023\/03\/6378f390c6bdc-1024x682.jpeg\" alt=\"\" class=\"wp-image-2630\" srcset=\"https:\/\/elazigtso.org.tr\/tr\/wp-content\/uploads\/2023\/03\/6378f390c6bdc-1024x682.jpeg 1024w, https:\/\/elazigtso.org.tr\/tr\/wp-content\/uploads\/2023\/03\/6378f390c6bdc-300x200.jpeg 300w, https:\/\/elazigtso.org.tr\/tr\/wp-content\/uploads\/2023\/03\/6378f390c6bdc-768x512.jpeg 768w, https:\/\/elazigtso.org.tr\/tr\/wp-content\/uploads\/2023\/03\/6378f390c6bdc-1536x1023.jpeg 1536w, https:\/\/elazigtso.org.tr\/tr\/wp-content\/uploads\/2023\/03\/6378f390c6bdc.jpeg 1600w\" sizes=\"(max-width: 1024px) 100vw, 1024px\" \/><\/figure>\n","protected":false},"excerpt":{"rendered":"<p>12 Kas\u0131m tarihinde gidilen Meslek Komitesi se\u00e7imleri sonucunda se\u00e7ilen Elaz\u0131\u011f TSO Meclis \u00dcyeleri, Elaz\u0131\u011f TSO Vali Murat Zorluo\u011flu Konferans Salonu\u2019nda bir araya gelerek Elaz\u0131\u011f Ticaret ve Sanayi Odas\u0131 Y\u00f6netim Kurulu Ba\u015fkan\u0131 ve \u00dcyeleri, Disiplin Kurulu \u00dcyeleri, Genel Kurul Delegeleri ve Meclis Ba\u015fkanl\u0131\u011f\u0131 se\u00e7imleri ger\u00e7ekle\u015fti. \u00dcyelerimiz, Tevecc\u00fchleri ile Bizleri Bu Makama Yeniden L\u00e2y\u0131k G\u00f6rd\u00fcler. Elaz\u0131\u011f Ticaret [&hellip;]<\/p>\n","protected":false},"author":1,"featured_media":2624,"comment_status":"closed","ping_status":"closed","sticky":false,"template":"","format":"standard","meta":{"_jetpack_memberships_contains_paid_content":false,"footnotes":""},"categories":[38],"tags":[],"class_list":["post-2622","post","type-post","status-publish","format-standard","has-post-thumbnail","hentry","category-haberler"],"jetpack_sharing_enabled":true,"jetpack_featured_media_url":"https:\/\/elazigtso.org.tr\/tr\/wp-content\/uploads\/2023\/03\/3wXIigYDzf.jpeg","_links":{"self":[{"href":"https:\/\/elazigtso.org.tr\/tr\/index.php\/wp-json\/wp\/v2\/posts\/2622","targetHints":{"allow":["GET"]}}],"collection":[{"href":"https:\/\/elazigtso.org.tr\/tr\/index.php\/wp-json\/wp\/v2\/posts"}],"about":[{"href":"https:\/\/elazigtso.org.tr\/tr\/index.php\/wp-json\/wp\/v2\/types\/post"}],"author":[{"embeddable":true,"href":"https:\/\/elazigtso.org.tr\/tr\/index.php\/wp-json\/wp\/v2\/users\/1"}],"replies":[{"embeddable":true,"href":"https:\/\/elazigtso.org.tr\/tr\/index.php\/wp-json\/wp\/v2\/comments?post=2622"}],"version-history":[{"count":4,"href":"https:\/\/elazigtso.org.tr\/tr\/index.php\/wp-json\/wp\/v2\/posts\/2622\/revisions"}],"predecessor-version":[{"id":9651,"href":"https:\/\/elazigtso.org.tr\/tr\/index.php\/wp-json\/wp\/v2\/posts\/2622\/revisions\/9651"}],"wp:featuredmedia":[{"embeddable":true,"href":"https:\/\/elazigtso.org.tr\/tr\/index.php\/wp-json\/wp\/v2\/media\/2624"}],"wp:attachment":[{"href":"https:\/\/elazigtso.org.tr\/tr\/index.php\/wp-json\/wp\/v2\/media?parent=2622"}],"wp:term":[{"taxonomy":"category","embeddable":true,"href":"https:\/\/elazigtso.org.tr\/tr\/index.php\/wp-json\/wp\/v2\/categories?post=2622"},{"taxonomy":"post_tag","embeddable":true,"href":"https:\/\/elazigtso.org.tr\/tr\/index.php\/wp-json\/wp\/v2\/tags?post=2622"}],"curies":[{"name":"wp","href":"https:\/\/api.w.org\/{rel}","templated":true}]}}