{"id":2591,"date":"2022-06-03T10:04:00","date_gmt":"2022-06-03T07:04:00","guid":{"rendered":"http:\/\/elazigtso.com\/tr\/?p=2591"},"modified":"2023-07-21T14:01:00","modified_gmt":"2023-07-21T11:01:00","slug":"van-tso-ile-akreditasyon-kiyaslama-calismasi-gerceklesti","status":"publish","type":"post","link":"https:\/\/elazigtso.org.tr\/tr\/index.php\/2022\/06\/03\/van-tso-ile-akreditasyon-kiyaslama-calismasi-gerceklesti\/","title":{"rendered":"Van TSO \u0130le Akreditasyon K\u0131yaslama \u00c7al\u0131\u015fmas\u0131 Ger\u00e7ekle\u015fti"},"content":{"rendered":"\n<p><strong>Elaz\u0131\u011f Ticaret ve Sanayi Odas\u0131 ile Van Ticaret ve Sanayi Odas\u0131 T\u00fcrkiye Odalar ve Borsalar Birli\u011fi Akreditasyon K\u0131yaslama \u00e7al\u0131\u015fmas\u0131 Van TSO\u2019da her iki Odan\u0131n profesyonellerinin kat\u0131l\u0131m\u0131 ile ger\u00e7ekle\u015ftirildi.<\/strong><\/p>\n\n\n\n<br>\n\n\n\n<p><strong>&nbsp;Gen\u00e7 ve Dinamik Bir Ekibi A\u011f\u0131rlamaktan Memnuniyet Duyduk.<\/strong><\/p>\n\n\n\n<br>\n\n\n\n<p>Van Ticaret ve Sanayi Odas\u0131 Y\u00f6netim Kurulu Ba\u015fkan\u0131 Necdet Takva, Elaz\u0131\u011f TSO Akreditasyon \u0130zleme Komitesinde g\u00f6revli olan, Akreditasyon Sorumlusu Makine M\u00fchendisi M.M\u00fccahid U\u00e7ar, Kalite Y\u00f6netim Sistemi Temsilcisi Fatma G\u00fcl G\u00fcnayd\u0131n, \u0130nsan Kaynaklar\u0131 Sorumlusu Merve G\u00fcl \u00d6zl\u00fc, Bas\u0131n ve Medya Sorumlusu T.Emre Uslu ile makam\u0131nda bir araya geldi. Odalar aras\u0131ndaki k\u0131yaslama \u00e7al\u0131\u015fmalar\u0131n\u0131n \u00e7ok de\u011ferli oldu\u011funu belirterek \u201c Ma\u015fallah \u00e7ok gen\u00e7 ve dinamik bir ekip ile kar\u015f\u0131la\u015ft\u0131m, Bu \u00e7al\u0131\u015fma ile inan\u0131yorum ki odalar\u0131m\u0131z birbirlerine iyi uygulamalar\u0131n\u0131 aktararak, \u00e7ok k\u0131ymetli hizmetler geli\u015febilecektir. Elaz\u0131\u011f Ticaret ve Sanayi Odas\u0131 \u00fcyeleri ve \u015fehri i\u00e7in \u00f6nemli \u00e7al\u0131\u015fmalar ve hizmetler \u00fcretiyor. Y\u00f6netim Kurulu Ba\u015fkan\u0131 Asilhan Arslan TOBB Camias\u0131nda etkinli\u011fiyle ad\u0131ndan s\u00f6z ettiriyor. Odam\u0131za \u00f6n\u00fcm\u00fczdeki akreditasyon \u00e7al\u0131\u015fmas\u0131nda ba\u015far\u0131lar dilerken, eminim ki hak etti\u011fi A S\u0131n\u0131f\u0131 Oda stat\u00fcs\u00fcne eri\u015fecektir. &nbsp;<\/p>\n\n\n\n<br>\n\n\n\n<p>Az \u00e7ok odalar\u0131m\u0131z\u0131n kaderleri birbirine benziyor, Elaz\u0131\u011f yak\u0131n bir tarihte b\u00fcy\u00fck bir deprem felaketi ya\u015fad\u0131, \u00dczerine hemen pandemi felaketi ya\u015fand\u0131. Depremde hayatlar\u0131n\u0131 kaybedenlere Allah\u2019tan rahmet diliyoruz.<\/p>\n\n\n\n<br>\n\n\n\n<p><\/p>\n\n\n\n<figure class=\"wp-block-image size-large is-resized\"><img fetchpriority=\"high\" decoding=\"async\" src=\"http:\/\/elazigtso.com\/tr\/wp-content\/uploads\/2023\/03\/629a33705567e-1024x614.jpeg\" alt=\"\" class=\"wp-image-2592\" width=\"1177\" height=\"706\" srcset=\"https:\/\/elazigtso.org.tr\/tr\/wp-content\/uploads\/2023\/03\/629a33705567e-1024x614.jpeg 1024w, https:\/\/elazigtso.org.tr\/tr\/wp-content\/uploads\/2023\/03\/629a33705567e-300x180.jpeg 300w, https:\/\/elazigtso.org.tr\/tr\/wp-content\/uploads\/2023\/03\/629a33705567e-768x460.jpeg 768w, https:\/\/elazigtso.org.tr\/tr\/wp-content\/uploads\/2023\/03\/629a33705567e-1536x920.jpeg 1536w, https:\/\/elazigtso.org.tr\/tr\/wp-content\/uploads\/2023\/03\/629a33705567e-2048x1227.jpeg 2048w\" sizes=\"(max-width: 1177px) 100vw, 1177px\" \/><\/figure>\n\n\n\n<br>\n\n\n\n<p><\/p>\n\n\n\n<p><strong>&nbsp;A Hedefine Her Ge\u00e7en G\u00fcn Yakla\u015f\u0131yoruz.<\/strong><\/p>\n\n\n\n<br>\n\n\n\n<p>Elaz\u0131\u011f TSO Akreditasyon Sorumlusu M.M\u00fccahid U\u00e7ar: \u201cBug\u00fcn b\u00f6lgemizin \u00e7ok \u00f6nemli Odalar\u0131ndan biri olan Van TSO ile bir araya geldik. Hem Y\u00f6netim Kurulu Ba\u015fkan\u0131m\u0131z, hem de Genel Sekreterimiz ile Genel Sekreter Yard\u0131mc\u0131m\u0131z bizlerle \u00e7ok yak\u0131ndan ilgilendiler. G\u00fcn boyu s\u00fcren ziyaretimiz kapsam\u0131nda \u00f6zellikle iyi uygulama \u00f6rneklerini k\u0131yaslama imkan\u0131m\u0131z oldu. Van TSO\u2019nun t\u00fcm hizmet birimlerini birbir ziyaret ederek \u00e7al\u0131\u015fmalar\u0131 yerinde inceleme f\u0131rsat\u0131m\u0131z oldu. Hedefimiz A s\u0131n\u0131f\u0131na eri\u015ferek, \u00fcyelerimize daha proaktif hizmet vermektir. \u00a0<\/p>\n\n\n\n<br>\n\n\n\n<p><\/p>\n\n\n\n<figure class=\"wp-block-image size-large is-resized\"><img decoding=\"async\" src=\"http:\/\/elazigtso.com\/tr\/wp-content\/uploads\/2023\/03\/629a3371301a6-1024x647.jpeg\" alt=\"\" class=\"wp-image-2593\" width=\"1182\" height=\"747\" srcset=\"https:\/\/elazigtso.org.tr\/tr\/wp-content\/uploads\/2023\/03\/629a3371301a6-1024x647.jpeg 1024w, https:\/\/elazigtso.org.tr\/tr\/wp-content\/uploads\/2023\/03\/629a3371301a6-300x190.jpeg 300w, https:\/\/elazigtso.org.tr\/tr\/wp-content\/uploads\/2023\/03\/629a3371301a6-768x486.jpeg 768w, https:\/\/elazigtso.org.tr\/tr\/wp-content\/uploads\/2023\/03\/629a3371301a6-1536x971.jpeg 1536w, https:\/\/elazigtso.org.tr\/tr\/wp-content\/uploads\/2023\/03\/629a3371301a6-2048x1295.jpeg 2048w\" sizes=\"(max-width: 1182px) 100vw, 1182px\" \/><\/figure>\n","protected":false},"excerpt":{"rendered":"<p>Elaz\u0131\u011f Ticaret ve Sanayi Odas\u0131 ile Van Ticaret ve Sanayi Odas\u0131 T\u00fcrkiye Odalar ve Borsalar Birli\u011fi Akreditasyon K\u0131yaslama \u00e7al\u0131\u015fmas\u0131 Van TSO\u2019da her iki Odan\u0131n profesyonellerinin kat\u0131l\u0131m\u0131 ile ger\u00e7ekle\u015ftirildi. &nbsp;Gen\u00e7 ve Dinamik Bir Ekibi A\u011f\u0131rlamaktan Memnuniyet Duyduk. Van Ticaret ve Sanayi Odas\u0131 Y\u00f6netim Kurulu Ba\u015fkan\u0131 Necdet Takva, Elaz\u0131\u011f TSO Akreditasyon \u0130zleme Komitesinde g\u00f6revli olan, Akreditasyon Sorumlusu [&hellip;]<\/p>\n","protected":false},"author":1,"featured_media":2596,"comment_status":"closed","ping_status":"closed","sticky":false,"template":"","format":"standard","meta":{"_jetpack_memberships_contains_paid_content":false,"footnotes":""},"categories":[38],"tags":[],"class_list":["post-2591","post","type-post","status-publish","format-standard","has-post-thumbnail","hentry","category-haberler"],"jetpack_sharing_enabled":true,"jetpack_featured_media_url":"https:\/\/elazigtso.org.tr\/tr\/wp-content\/uploads\/2023\/03\/SW10FVSIoo-scaled.jpeg","_links":{"self":[{"href":"https:\/\/elazigtso.org.tr\/tr\/index.php\/wp-json\/wp\/v2\/posts\/2591","targetHints":{"allow":["GET"]}}],"collection":[{"href":"https:\/\/elazigtso.org.tr\/tr\/index.php\/wp-json\/wp\/v2\/posts"}],"about":[{"href":"https:\/\/elazigtso.org.tr\/tr\/index.php\/wp-json\/wp\/v2\/types\/post"}],"author":[{"embeddable":true,"href":"https:\/\/elazigtso.org.tr\/tr\/index.php\/wp-json\/wp\/v2\/users\/1"}],"replies":[{"embeddable":true,"href":"https:\/\/elazigtso.org.tr\/tr\/index.php\/wp-json\/wp\/v2\/comments?post=2591"}],"version-history":[{"count":1,"href":"https:\/\/elazigtso.org.tr\/tr\/index.php\/wp-json\/wp\/v2\/posts\/2591\/revisions"}],"predecessor-version":[{"id":2598,"href":"https:\/\/elazigtso.org.tr\/tr\/index.php\/wp-json\/wp\/v2\/posts\/2591\/revisions\/2598"}],"wp:featuredmedia":[{"embeddable":true,"href":"https:\/\/elazigtso.org.tr\/tr\/index.php\/wp-json\/wp\/v2\/media\/2596"}],"wp:attachment":[{"href":"https:\/\/elazigtso.org.tr\/tr\/index.php\/wp-json\/wp\/v2\/media?parent=2591"}],"wp:term":[{"taxonomy":"category","embeddable":true,"href":"https:\/\/elazigtso.org.tr\/tr\/index.php\/wp-json\/wp\/v2\/categories?post=2591"},{"taxonomy":"post_tag","embeddable":true,"href":"https:\/\/elazigtso.org.tr\/tr\/index.php\/wp-json\/wp\/v2\/tags?post=2591"}],"curies":[{"name":"wp","href":"https:\/\/api.w.org\/{rel}","templated":true}]}}