{"id":2577,"date":"2021-12-21T09:55:00","date_gmt":"2021-12-21T06:55:00","guid":{"rendered":"http:\/\/elazigtso.com\/tr\/?p=2577"},"modified":"2023-07-21T14:01:15","modified_gmt":"2023-07-21T11:01:15","slug":"elazigda-bolgesel-dis-ticaret-hizlandirma-merkezi-kuruluyor","status":"publish","type":"post","link":"https:\/\/elazigtso.org.tr\/tr\/index.php\/2021\/12\/21\/elazigda-bolgesel-dis-ticaret-hizlandirma-merkezi-kuruluyor\/","title":{"rendered":"Elaz\u0131\u011f&#8217;da B\u00f6lgesel D\u0131\u015f Ticaret H\u0131zland\u0131rma Merkezi kuruluyor"},"content":{"rendered":"\n<p>Elaz\u0131\u011f Ticaret ve Sanayi Odas\u0131 taraf\u0131ndan F\u0131rat Kalk\u0131nma Ajans\u0131 deste\u011fi ile B\u00f6lgesel D\u0131\u015f Ticaret H\u0131zland\u0131rma Merkezi hayata ge\u00e7iriliyor. B\u00f6lgede ilk olacak merkez ile d\u0131\u015f ticarette \u00f6ne \u00e7\u0131kan sekt\u00f6r ve \u00fcr\u00fcnlerdeki ihracat, hacim ve \u00f6neminin art\u0131r\u0131lmas\u0131n\u0131n yan\u0131 s\u0131ra potansiyel ta\u015f\u0131yan yeni ve alternatif sekt\u00f6rlerin ve \u00fcr\u00fcnlerin de ke\u015ffedilmesi arac\u0131l\u0131\u011f\u0131 ile b\u00f6lgeye ve \u00fclkeye katk\u0131 sa\u011flamas\u0131 ama\u00e7lan\u0131yor.<\/p>\n\n\n\n<br>\n\n\n\n<p><\/p>\n\n\n\n<figure class=\"wp-block-image size-full is-resized\"><img fetchpriority=\"high\" decoding=\"async\" src=\"http:\/\/elazigtso.com\/tr\/wp-content\/uploads\/2023\/03\/61c2051e6af9a.jpeg\" alt=\"\" class=\"wp-image-2579\" width=\"1177\" height=\"882\" srcset=\"https:\/\/elazigtso.org.tr\/tr\/wp-content\/uploads\/2023\/03\/61c2051e6af9a.jpeg 1024w, https:\/\/elazigtso.org.tr\/tr\/wp-content\/uploads\/2023\/03\/61c2051e6af9a-300x225.jpeg 300w, https:\/\/elazigtso.org.tr\/tr\/wp-content\/uploads\/2023\/03\/61c2051e6af9a-768x576.jpeg 768w\" sizes=\"(max-width: 1177px) 100vw, 1177px\" \/><\/figure>\n\n\n\n<br>\n\n\n\n<p><\/p>\n\n\n\n<p>Projenin ilk aya\u011f\u0131nda Elaz\u0131\u011f&#8217;da d\u0131\u015f ticaretin geli\u015fmesinin \u00f6n\u00fcndeki engellerin kald\u0131r\u0131lmas\u0131na y\u00f6nelik altyap\u0131 olu\u015fturulacak. Bu \u00e7er\u00e7evede sekt\u00f6r ve firmalar\u0131n ihtiya\u00e7lar\u0131n\u0131n tespit ve analiz edilece\u011fi; temel d\u0131\u015f ticaret, ihracat ko\u00e7lu\u011fu, hedef pazar, hedef m\u00fc\u015fteri ve teknik istihbarat dan\u0131\u015fmanl\u0131k hizmetleri sa\u011flanacak. Projenin ikinci aya\u011f\u0131nda ise k\u00fclt\u00fcr el\u00e7ileri olarak F\u0131rat \u00dcniversitesi&#8217;nde e\u011fitim g\u00f6ren \u00f6\u011frenciler yer al\u0131yor. \u00dcniversitede e\u011fitim g\u00f6ren 15 ayr\u0131 \u00fclkeden gelen \u00f6\u011frencilere D\u0131\u015f Ticaret ve Giri\u015fimcilik e\u011fitimleri veriliyor.<\/p>\n\n\n\n<br>\n\n\n\n<p><\/p>\n\n\n\n<figure class=\"wp-block-image size-full is-resized\"><img decoding=\"async\" src=\"http:\/\/elazigtso.com\/tr\/wp-content\/uploads\/2023\/03\/61c2051f5ef64.jpeg\" alt=\"\" class=\"wp-image-2580\" width=\"1178\" height=\"784\" srcset=\"https:\/\/elazigtso.org.tr\/tr\/wp-content\/uploads\/2023\/03\/61c2051f5ef64.jpeg 1024w, https:\/\/elazigtso.org.tr\/tr\/wp-content\/uploads\/2023\/03\/61c2051f5ef64-300x200.jpeg 300w, https:\/\/elazigtso.org.tr\/tr\/wp-content\/uploads\/2023\/03\/61c2051f5ef64-768x512.jpeg 768w\" sizes=\"(max-width: 1178px) 100vw, 1178px\" \/><\/figure>\n\n\n\n<br>\n\n\n\n<p>\u0130lki 13-17 Aral\u0131k tarihleri aras\u0131nda verilen e\u011fitimlerin sonunda \u00f6\u011frencilere sertifikalar\u0131 verildi. \u00d6\u011frencilere T\u00fcrkiye ve Elaz\u0131\u011f ekonomisi ve ticaret yap\u0131s\u0131, T\u00fcrkiye&#8217;de d\u0131\u015f ticaret yapmak ve giri\u015fimci olman\u0131n alt\u0131n kurallar\u0131 konusunda bilgi ve fark\u0131ndal\u0131k yarat\u0131ld\u0131\u011f\u0131n\u0131 aktaran e\u011fitmen Dr. Asl\u0131han Y\u00f6rdem, \u00fclke i\u00e7in yerinde tan\u0131t\u0131m hizmeti yapt\u0131klar\u0131n\u0131 ifade etti.<\/p>\n\n\n\n<br>\n\n\n\n<p>Kaynak:<strong><mark style=\"background-color:rgba(0, 0, 0, 0);color:#044bff\" class=\"has-inline-color\">\u00a0<a rel=\"noreferrer noopener\" href=\"https:\/\/www.sabah.com.tr\/elazig\/2021\/12\/21\/elazigda-bolgesel-dis-ticaret-hizlandirma-merkezi-kuruluyor\" target=\"_blank\">https:\/\/www.sabah.com.tr\/elazig\/2021\/12\/21\/elazigda-bolgesel-dis-ticaret-hizlandirma-merkezi-kuruluyor<\/a><\/mark><\/strong><\/p>\n","protected":false},"excerpt":{"rendered":"<p>Elaz\u0131\u011f Ticaret ve Sanayi Odas\u0131 taraf\u0131ndan F\u0131rat Kalk\u0131nma Ajans\u0131 deste\u011fi ile B\u00f6lgesel D\u0131\u015f Ticaret H\u0131zland\u0131rma Merkezi hayata ge\u00e7iriliyor. B\u00f6lgede ilk olacak merkez ile d\u0131\u015f ticarette \u00f6ne \u00e7\u0131kan sekt\u00f6r ve \u00fcr\u00fcnlerdeki ihracat, hacim ve \u00f6neminin art\u0131r\u0131lmas\u0131n\u0131n yan\u0131 s\u0131ra potansiyel ta\u015f\u0131yan yeni ve alternatif sekt\u00f6rlerin ve \u00fcr\u00fcnlerin de ke\u015ffedilmesi arac\u0131l\u0131\u011f\u0131 ile b\u00f6lgeye ve \u00fclkeye katk\u0131 sa\u011flamas\u0131 ama\u00e7lan\u0131yor. [&hellip;]<\/p>\n","protected":false},"author":1,"featured_media":2585,"comment_status":"closed","ping_status":"closed","sticky":false,"template":"","format":"standard","meta":{"_jetpack_memberships_contains_paid_content":false,"footnotes":""},"categories":[38],"tags":[],"class_list":["post-2577","post","type-post","status-publish","format-standard","has-post-thumbnail","hentry","category-haberler"],"jetpack_sharing_enabled":true,"jetpack_featured_media_url":"https:\/\/elazigtso.org.tr\/tr\/wp-content\/uploads\/2023\/03\/x4WnW43Xjw.jpeg","_links":{"self":[{"href":"https:\/\/elazigtso.org.tr\/tr\/index.php\/wp-json\/wp\/v2\/posts\/2577","targetHints":{"allow":["GET"]}}],"collection":[{"href":"https:\/\/elazigtso.org.tr\/tr\/index.php\/wp-json\/wp\/v2\/posts"}],"about":[{"href":"https:\/\/elazigtso.org.tr\/tr\/index.php\/wp-json\/wp\/v2\/types\/post"}],"author":[{"embeddable":true,"href":"https:\/\/elazigtso.org.tr\/tr\/index.php\/wp-json\/wp\/v2\/users\/1"}],"replies":[{"embeddable":true,"href":"https:\/\/elazigtso.org.tr\/tr\/index.php\/wp-json\/wp\/v2\/comments?post=2577"}],"version-history":[{"count":1,"href":"https:\/\/elazigtso.org.tr\/tr\/index.php\/wp-json\/wp\/v2\/posts\/2577\/revisions"}],"predecessor-version":[{"id":2586,"href":"https:\/\/elazigtso.org.tr\/tr\/index.php\/wp-json\/wp\/v2\/posts\/2577\/revisions\/2586"}],"wp:featuredmedia":[{"embeddable":true,"href":"https:\/\/elazigtso.org.tr\/tr\/index.php\/wp-json\/wp\/v2\/media\/2585"}],"wp:attachment":[{"href":"https:\/\/elazigtso.org.tr\/tr\/index.php\/wp-json\/wp\/v2\/media?parent=2577"}],"wp:term":[{"taxonomy":"category","embeddable":true,"href":"https:\/\/elazigtso.org.tr\/tr\/index.php\/wp-json\/wp\/v2\/categories?post=2577"},{"taxonomy":"post_tag","embeddable":true,"href":"https:\/\/elazigtso.org.tr\/tr\/index.php\/wp-json\/wp\/v2\/tags?post=2577"}],"curies":[{"name":"wp","href":"https:\/\/api.w.org\/{rel}","templated":true}]}}