{"id":2556,"date":"2021-06-21T09:38:00","date_gmt":"2021-06-21T06:38:00","guid":{"rendered":"http:\/\/elazigtso.com\/tr\/?p=2556"},"modified":"2023-07-21T14:01:32","modified_gmt":"2023-07-21T11:01:32","slug":"elazig-ihracatta-buyumeyi-surduruyor","status":"publish","type":"post","link":"https:\/\/elazigtso.org.tr\/tr\/index.php\/2021\/06\/21\/elazig-ihracatta-buyumeyi-surduruyor\/","title":{"rendered":"Elaz\u0131\u011f \u0130hracatta b\u00fcy\u00fcmeyi s\u00fcrd\u00fcr\u00fcyor\u2026"},"content":{"rendered":"\n<p><strong>T\u00fcrkiye \u0130hracat\u00e7\u0131lar Meclisi (T\u0130M) 2021 y\u0131l\u0131 May\u0131s ay\u0131 ihracat rakamlar\u0131n\u0131 a\u00e7\u0131klad\u0131. Elaz\u0131\u011f May\u0131s ay\u0131nda 16 milyon 879 bin Dolar ihracat ger\u00e7ekle\u015ftirirken, bir \u00f6nceki y\u0131la g\u00f6re %100 bir art\u0131\u015f g\u00f6sterdi. Ancak, 2021 y\u0131l\u0131 ilk 5 ayl\u0131k ortalamalar\u0131nda ise y\u0131l\u0131n en d\u00fc\u015f\u00fck ihracat\u0131 May\u0131s ay\u0131nda ger\u00e7ekle\u015fti. Y\u0131l\u0131n ilk 5 ayl\u0131k ihracat toplam\u0131nda 146 milyon 282 bin Dolar ile Elaz\u0131\u011f Do\u011fu Anadolu ve TRB illeri i\u00e7erisinde ilk s\u0131rada yer ald\u0131\u2026<\/strong><\/p>\n\n\n\n<br>\n\n\n\n<br>\n\n\n\n<p>Madencilik \u00fcr\u00fcnleri liderli\u011fini s\u00fcrd\u00fcr\u00fcyor\u2026<\/p>\n\n\n\n<br>\n\n\n\n<p>T\u0130M kay\u0131tlar\u0131nda Elaz\u0131\u011f\u2019\u0131n son 4 y\u0131ldaki ihracat rakamlar\u0131 incelendi\u011finde; 2018 y\u0131l\u0131nda 222 milyon 189 bin Dolar, 2019 y\u0131l\u0131nda 213 milyon 256 bin Dolar, 2020 y\u0131l\u0131nda 166 milyon 187 bin dolar, 2021 y\u0131l\u0131 ilk 5 ayl\u0131k d\u00f6neminde ise 146 milyon 282 bin Dolar ihracat ger\u00e7ekle\u015ftirildi. 2021 y\u0131l\u0131n\u0131n ilk 5 ayl\u0131k d\u00f6nemindeki toplam ihracat rakam\u0131 i\u00e7erisinde madencilik \u00fcr\u00fcnleri 133 milyon 504 bin dolar ile ilk s\u0131rada yer ald\u0131. 2021 y\u0131l\u0131 ilk 5 ayl\u0131k d\u00f6neminde yap\u0131lan toplam 146 milyon 282 bin dolar ihracat i\u00e7erisinde Madencilik \u00fcr\u00fcnlerini pay\u0131 %91.3 oldu. Son 4 y\u0131lda Madencilik \u00dcr\u00fcnleriyle ilgili ilimiz ihracat\u0131 \u015fu \u015fekilde ger\u00e7ekle\u015fti: 2018 y\u0131l\u0131nda 196 milyon 126 Dolar, 2019 y\u0131l\u0131nda 185 milyon 428 bin Dolar, 2020 y\u0131l\u0131nda 52 milyon 375 bin dolar, 2021 y\u0131l\u0131 ilk 5 ayl\u0131k d\u00f6neminde ise 133 milyon 504 bin Dolar ger\u00e7ekle\u015ftirildi.<\/p>\n\n\n\n<br>\n\n\n\n<p>2021 y\u0131l\u0131 ilk 5 ayl\u0131k d\u00f6nemi i\u00e7erisinde May\u0131s ay\u0131 en d\u00fc\u015f\u00fck ihracat rakam\u0131 ile dikkat \u00e7ekerken, 2020 y\u0131l\u0131 May\u0131s ay\u0131na g\u00f6re art\u0131\u015f %100 oldu. 2020 y\u0131l\u0131 May\u0131s ay\u0131nda 8 Milyon 293 bin Dolar ihracat yap\u0131lm\u0131\u015ft\u0131. Bu y\u0131l\u0131n May\u0131s ay\u0131nda ise 16 milyon 879 bin Dolar ger\u00e7ekle\u015fti.<\/p>\n\n\n\n<br>\n\n\n\n<p>2021 y\u0131l\u0131n\u0131n ilk 5 ayl\u0131k d\u00f6nemi i\u00e7erisinde Haz\u0131k giyim ve konfeksiyon, Kuru Meyve ve Mamulleri, Meyve Sebze Mamulleri, Kimyevi maddeler, Su \u00fcr\u00fcnleri, Mobilya gibi sekt\u00f6rlerde de bir \u00f6nceki y\u0131la nazaran %100\u2019\u00fc \u00fczerinde ihracat ger\u00e7ekle\u015ftirildi.<\/p>\n\n\n\n<br>\n\n\n\n<p>&nbsp;&nbsp; Y\u0131l\u0131n ilk 5 ayl\u0131k d\u00f6neminde daha \u00f6nceki y\u0131llara nazaran baz\u0131 sekt\u00f6rlerde \u00e7ok d\u00fc\u015f\u00fck seviyede ger\u00e7ekle\u015ftirilen ihracat\u0131n art\u0131\u015f oran\u0131 gelecek ad\u0131na umut verirken, y\u0131l sonu ihracat\u0131n\u0131n son 4 y\u0131ll\u0131k rakamlar\u0131n \u00fczerine \u00e7\u0131kmas\u0131 bekleniyor. Bu y\u0131l sadece madencilik sekt\u00f6r\u00fcnde yap\u0131lacak ihracat\u0131n 300 milyon Dolar seviyesinde olmas\u0131 beklenirken, ihracattaki pay\u0131 \u00e7ok d\u00fc\u015f\u00fck olan Haz\u0131r giyim ve konfeksiyon, su \u00fcr\u00fcnleri, meyve, mobilya, kimyevi \u00fcr\u00fcnler, yap\u0131 malzemeleri sekt\u00f6rlerinde ise ihracat\u0131n \u00f6nceki y\u0131llara g\u00f6re ciddi bir y\u00fckseli\u015f g\u00f6stermesi \u00f6ng\u00f6r\u00fcl\u00fcyor.&nbsp;<\/p>\n","protected":false},"excerpt":{"rendered":"<p>T\u00fcrkiye \u0130hracat\u00e7\u0131lar Meclisi (T\u0130M) 2021 y\u0131l\u0131 May\u0131s ay\u0131 ihracat rakamlar\u0131n\u0131 a\u00e7\u0131klad\u0131. Elaz\u0131\u011f May\u0131s ay\u0131nda 16 milyon 879 bin Dolar ihracat ger\u00e7ekle\u015ftirirken, bir \u00f6nceki y\u0131la g\u00f6re %100 bir art\u0131\u015f g\u00f6sterdi. Ancak, 2021 y\u0131l\u0131 ilk 5 ayl\u0131k ortalamalar\u0131nda ise y\u0131l\u0131n en d\u00fc\u015f\u00fck ihracat\u0131 May\u0131s ay\u0131nda ger\u00e7ekle\u015fti. Y\u0131l\u0131n ilk 5 ayl\u0131k ihracat toplam\u0131nda 146 milyon 282 bin Dolar [&hellip;]<\/p>\n","protected":false},"author":1,"featured_media":2565,"comment_status":"closed","ping_status":"closed","sticky":false,"template":"","format":"standard","meta":{"_jetpack_memberships_contains_paid_content":false,"footnotes":""},"categories":[38],"tags":[],"class_list":["post-2556","post","type-post","status-publish","format-standard","has-post-thumbnail","hentry","category-haberler"],"jetpack_sharing_enabled":true,"jetpack_featured_media_url":"https:\/\/elazigtso.org.tr\/tr\/wp-content\/uploads\/2021\/06\/D821zIvsMb.jpeg","_links":{"self":[{"href":"https:\/\/elazigtso.org.tr\/tr\/index.php\/wp-json\/wp\/v2\/posts\/2556","targetHints":{"allow":["GET"]}}],"collection":[{"href":"https:\/\/elazigtso.org.tr\/tr\/index.php\/wp-json\/wp\/v2\/posts"}],"about":[{"href":"https:\/\/elazigtso.org.tr\/tr\/index.php\/wp-json\/wp\/v2\/types\/post"}],"author":[{"embeddable":true,"href":"https:\/\/elazigtso.org.tr\/tr\/index.php\/wp-json\/wp\/v2\/users\/1"}],"replies":[{"embeddable":true,"href":"https:\/\/elazigtso.org.tr\/tr\/index.php\/wp-json\/wp\/v2\/comments?post=2556"}],"version-history":[{"count":3,"href":"https:\/\/elazigtso.org.tr\/tr\/index.php\/wp-json\/wp\/v2\/posts\/2556\/revisions"}],"predecessor-version":[{"id":2566,"href":"https:\/\/elazigtso.org.tr\/tr\/index.php\/wp-json\/wp\/v2\/posts\/2556\/revisions\/2566"}],"wp:featuredmedia":[{"embeddable":true,"href":"https:\/\/elazigtso.org.tr\/tr\/index.php\/wp-json\/wp\/v2\/media\/2565"}],"wp:attachment":[{"href":"https:\/\/elazigtso.org.tr\/tr\/index.php\/wp-json\/wp\/v2\/media?parent=2556"}],"wp:term":[{"taxonomy":"category","embeddable":true,"href":"https:\/\/elazigtso.org.tr\/tr\/index.php\/wp-json\/wp\/v2\/categories?post=2556"},{"taxonomy":"post_tag","embeddable":true,"href":"https:\/\/elazigtso.org.tr\/tr\/index.php\/wp-json\/wp\/v2\/tags?post=2556"}],"curies":[{"name":"wp","href":"https:\/\/api.w.org\/{rel}","templated":true}]}}