{"id":2536,"date":"2021-06-09T17:04:00","date_gmt":"2021-06-09T14:04:00","guid":{"rendered":"http:\/\/elazigtso.com\/tr\/?p=2536"},"modified":"2023-07-21T14:01:50","modified_gmt":"2023-07-21T11:01:50","slug":"borc-yapilandirmasi-resmi-gazetede-yayimlandi","status":"publish","type":"post","link":"https:\/\/elazigtso.org.tr\/tr\/index.php\/2021\/06\/09\/borc-yapilandirmasi-resmi-gazetede-yayimlandi\/","title":{"rendered":"Bor\u00e7 Yap\u0131land\u0131rmas\u0131 Resmi Gazetede Yay\u0131mland\u0131"},"content":{"rendered":"\n<p><strong>TBMM Genel Kurulunda kabul edilen, Baz\u0131 Alacaklar\u0131n Yeniden Yap\u0131land\u0131r\u0131lmas\u0131 ile Baz\u0131 Kanunlarda De\u011fi\u015fiklik Yap\u0131lmas\u0131na \u0130li\u015fkin Kanun, 09 Haziran 2021 tarihli Resmi Gazete&#8217;de yay\u0131mlanarak y\u00fcr\u00fcrl\u00fc\u011fe girdi. 30 Nisan 2021 itibar\u0131yla kesinle\u015fmi\u015f, vergi, har\u00e7 ve SGK prim bor\u00e7lar\u0131 ile cezalar yeniden yap\u0131land\u0131r\u0131lacak. Son yap\u0131land\u0131rmadan yararlanan ancak borcunu zaman\u0131nda \u00f6deyemeyenler de yap\u0131land\u0131rmadan yararlanabilecek.<\/strong><\/p>\n\n\n\n<br>\n\n\n\n<p><strong>31 A\u011fustos\u2019a kadar ba\u015fvuru yap\u0131lmas\u0131 gerekiyor\u2026<\/strong><\/p>\n\n\n\n<p>Yasayla, bor\u00e7lar\u0131n\u0131 yap\u0131land\u0131rmak isteyenler 31 A\u011fustos&#8217;a kadar ilgili kamu kurumlar\u0131na ba\u015fvuracak. Yap\u0131land\u0131r\u0131lan bor\u00e7lar pe\u015fin veya 18 taksitle \u00f6denebilecek. \u00d6demeler 30 Eyl\u00fcl 2021 &#8216;de ba\u015flayacak.<\/p>\n\n\n\n<br>\n\n\n\n<p><strong>\u0130\u015f d\u00fcnyas\u0131n\u0131n uzun s\u00fcredir talep etti\u011fi sicil aff\u0131\u2026<\/strong><\/p>\n\n\n\n<p>Uzun s\u00fcredir \u00f6zellikle esnaf\u0131n talep etti\u011fi sicil aff\u0131 da geliyor. Kar\u015f\u0131l\u0131ks\u0131z \u00e7ek, protesto edilmi\u015f senet, kredi kart\u0131 ve di\u011fer kredi bor\u00e7lar\u0131n\u0131 zaman\u0131nda \u00f6deyemeyenler y\u00fck\u00fcml\u00fcl\u00fcklerini yerine getirirlerse ge\u00e7mi\u015f \u00f6deme performanslar\u0131na ili\u015fkin olumsuz kay\u0131tlar\u0131 dikkate al\u0131nmayacak.<\/p>\n\n\n\n<br>\n\n\n\n<p><strong>30 Nisan 2021 \u00f6ncesi bor\u00e7lar yap\u0131land\u0131r\u0131lacak\u2026<\/strong><\/p>\n\n\n\n<p>Kabul edilen maddelere g\u00f6re, 30\/04\/2021 tarihi ve tarihinden \u00f6nce beyana dayanan vergilerde verilmesi gereken beyannamelerin vergi, vergi cezalar\u0131, gecikme faizleri, gecikme cezalar\u0131, 2021 y\u0131l\u0131 i\u00e7in 30\/04\/2021 tarihine kadar tahakkuk eden vergi, vergi cezalar\u0131, gecikme faizi, gecikme cezalar\u0131, idari para cezalar\u0131, T\u00fct\u00fcn \u00dcr\u00fcnleri Zararlar\u0131n\u0131n \u00d6nlenmesi ve Kontrol\u00fc kapsam\u0131nda verilen idari para cezalar\u0131, amme alacaklar\u0131, SGK taraf\u0131ndan tahakkuk etti\u011fi halde \u00f6denmemi\u015f, sigorta primleri, emeklilik kesene\u011fi, i\u015fsizlik sigortas\u0131 primi ile bunlara ba\u011fl\u0131 gecikme cezalar\u0131 Belediyelerin amme alacaklar\u0131na d\u00fczenleme getirildi.<\/p>\n\n\n\n<br>\n\n\n\n<p>Yay\u0131nlanan yasa ile, Hazine ve Maliye Bakanl\u0131\u011f\u0131, Ticaret Bakanl\u0131\u011f\u0131, Sosyal G\u00fcvenlik Kurumu, il \u00f6zel idareleri, belediyeler ile Yat\u0131r\u0131m \u0130zleme ve Koordinasyon Ba\u015fkanl\u0131\u011f\u0131na 30 Nisan 2021&#8217;e kadar olan baz\u0131 bor\u00e7lar yap\u0131land\u0131r\u0131lacak.<\/p>\n\n\n\n<br>\n\n\n\n<p><strong><mark style=\"background-color:rgba(0, 0, 0, 0);color:#005cee\" class=\"has-inline-color\"><a rel=\"noreferrer noopener\" href=\"http:\/\/www.elazigtso.org.tr\/public\/docs_oda\/duyuru\/9_Haziran_Yapilandirma_Resmi_Gazete.pdf\" target=\"_blank\">Resmi Gazete tam metnine ula\u015fmak i\u00e7in t\u0131klay\u0131n\u0131\u0131z<\/a> <\/mark><\/strong><\/p>\n","protected":false},"excerpt":{"rendered":"<p>TBMM Genel Kurulunda kabul edilen, Baz\u0131 Alacaklar\u0131n Yeniden Yap\u0131land\u0131r\u0131lmas\u0131 ile Baz\u0131 Kanunlarda De\u011fi\u015fiklik Yap\u0131lmas\u0131na \u0130li\u015fkin Kanun, 09 Haziran 2021 tarihli Resmi Gazete&#8217;de yay\u0131mlanarak y\u00fcr\u00fcrl\u00fc\u011fe girdi. 30 Nisan 2021 itibar\u0131yla kesinle\u015fmi\u015f, vergi, har\u00e7 ve SGK prim bor\u00e7lar\u0131 ile cezalar yeniden yap\u0131land\u0131r\u0131lacak. Son yap\u0131land\u0131rmadan yararlanan ancak borcunu zaman\u0131nda \u00f6deyemeyenler de yap\u0131land\u0131rmadan yararlanabilecek. 31 A\u011fustos\u2019a kadar ba\u015fvuru yap\u0131lmas\u0131 [&hellip;]<\/p>\n","protected":false},"author":1,"featured_media":2315,"comment_status":"closed","ping_status":"closed","sticky":false,"template":"","format":"standard","meta":{"_jetpack_memberships_contains_paid_content":false,"footnotes":""},"categories":[38],"tags":[],"class_list":["post-2536","post","type-post","status-publish","format-standard","has-post-thumbnail","hentry","category-haberler"],"jetpack_sharing_enabled":true,"jetpack_featured_media_url":"https:\/\/elazigtso.org.tr\/tr\/wp-content\/uploads\/2023\/03\/WhatsApp-Image-2023-03-13-at-14.29.18.jpeg","_links":{"self":[{"href":"https:\/\/elazigtso.org.tr\/tr\/index.php\/wp-json\/wp\/v2\/posts\/2536","targetHints":{"allow":["GET"]}}],"collection":[{"href":"https:\/\/elazigtso.org.tr\/tr\/index.php\/wp-json\/wp\/v2\/posts"}],"about":[{"href":"https:\/\/elazigtso.org.tr\/tr\/index.php\/wp-json\/wp\/v2\/types\/post"}],"author":[{"embeddable":true,"href":"https:\/\/elazigtso.org.tr\/tr\/index.php\/wp-json\/wp\/v2\/users\/1"}],"replies":[{"embeddable":true,"href":"https:\/\/elazigtso.org.tr\/tr\/index.php\/wp-json\/wp\/v2\/comments?post=2536"}],"version-history":[{"count":1,"href":"https:\/\/elazigtso.org.tr\/tr\/index.php\/wp-json\/wp\/v2\/posts\/2536\/revisions"}],"predecessor-version":[{"id":2543,"href":"https:\/\/elazigtso.org.tr\/tr\/index.php\/wp-json\/wp\/v2\/posts\/2536\/revisions\/2543"}],"wp:featuredmedia":[{"embeddable":true,"href":"https:\/\/elazigtso.org.tr\/tr\/index.php\/wp-json\/wp\/v2\/media\/2315"}],"wp:attachment":[{"href":"https:\/\/elazigtso.org.tr\/tr\/index.php\/wp-json\/wp\/v2\/media?parent=2536"}],"wp:term":[{"taxonomy":"category","embeddable":true,"href":"https:\/\/elazigtso.org.tr\/tr\/index.php\/wp-json\/wp\/v2\/categories?post=2536"},{"taxonomy":"post_tag","embeddable":true,"href":"https:\/\/elazigtso.org.tr\/tr\/index.php\/wp-json\/wp\/v2\/tags?post=2536"}],"curies":[{"name":"wp","href":"https:\/\/api.w.org\/{rel}","templated":true}]}}