{"id":2512,"date":"2021-03-09T16:55:00","date_gmt":"2021-03-09T13:55:00","guid":{"rendered":"http:\/\/elazigtso.com\/tr\/?p=2512"},"modified":"2023-07-21T14:02:05","modified_gmt":"2023-07-21T11:02:05","slug":"elazig-tso-8-mart-etkinlikleri","status":"publish","type":"post","link":"https:\/\/elazigtso.org.tr\/tr\/index.php\/2021\/03\/09\/elazig-tso-8-mart-etkinlikleri\/","title":{"rendered":"Elaz\u0131\u011f TSO 8 Mart Etkinlikleri\u2026"},"content":{"rendered":"\n<p><strong>Elaz\u0131\u011f Ticaret ve Sanayi Odas\u0131 Genel Sekreteri M. Mehmet Karabulut ve Elaz\u0131\u011f Ticaret \u0130l M\u00fcd\u00fcr\u00fc Bilal \u00d6zt\u00fcrk, Elaz\u0131\u011f Kad\u0131n Kapal\u0131 Ceza \u0130nfaz Kurumu&#8217;nu ziyaret ederek Cezaevi Savc\u0131s\u0131 Taner Karacao\u011flu ve Kurum M\u00fcd\u00fcr\u00fc Osman O\u011fuz ile birlikte kad\u0131n memurlar\u0131n ve mahkumlar\u0131n kad\u0131nlar g\u00fcn\u00fcn\u00fc kutlayarak \u00e7i\u00e7ek takdim ettiler.<\/strong><\/p>\n\n\n\n<br>\n\n\n\n<p><strong>Sosyal sorumluluk olarak bu t\u00fcr etkinlikleri \u00f6nemsiyoruz\u2026<\/strong><\/p>\n\n\n\n<p>Elaz\u0131\u011f TSO Genel Sekreteri M.Mehmet Karabulut 8 Mart D\u00fcnya Kad\u0131nlar G\u00fcn\u00fc vesilesiyle ger\u00e7ekle\u015ftirilen etkinlik hakk\u0131nda yapt\u0131\u011f\u0131 de\u011ferlendirmede Oda olarak sosyal sorumluluk olarak g\u00f6rd\u00fckleri organizasyonlara kat\u0131l\u0131m\u0131 ve destek sa\u011flamay\u0131 \u00f6nemsediklerini ifade etti.<\/p>\n\n\n\n<br>\n\n\n\n<p>Karabulut de\u011ferlendirmesinde, \u201c8 Mart D\u00fcnya Kad\u0131nlar G\u00fcn\u00fc vesilesiyle Odam\u0131z Meclis ve Y\u00f6netim Kurulu Ba\u015fkan\u0131m\u0131z ad\u0131na Odam\u0131z kad\u0131n \u00e7al\u0131\u015fanlar\u0131na buket takdimimiz oldu. Ayn\u0131 zamanda Odam\u0131z Kad\u0131n Giri\u015fimciler Kurlumuzda y\u00f6neticili\u011fini kad\u0131nlar\u0131n yapt\u0131\u011f\u0131 i\u015fletmelere y\u00f6nelik bir dizi ziyaret ger\u00e7ekle\u015ftirdiler. Ayr\u0131ca Ticaret \u0130L M\u00fcd\u00fcr\u00fcm\u00fcz Say\u0131n Bilal \u00d6zt\u00fcrk ile birlikte Elaz\u0131\u011f Kad\u0131n Kapal\u0131 Ceza \u0130nfaz Kurumunu ziyaret ederek, hem kad\u0131n \u00e7al\u0131\u015fanlar hem de mahkumlar\u0131n kad\u0131nlar g\u00fcn\u00fcn\u00fc kutlayarak \u00e7i\u00e7ek takdimi ger\u00e7ekle\u015ftirdik. Cezaevi Savc\u0131s\u0131 Say\u0131n Taner Karacao\u011flu ve Kurum M\u00fcd\u00fcr\u00fc Say\u0131n Osman O\u011fuz\u2019un da e\u015flik ettikleri program \u00e7ok g\u00fczel ve anlaml\u0131 oldu.<\/p>\n\n\n\n<br>\n\n\n\n<p>Odam\u0131z personelinin y\u00fczde 56\u2019s\u0131 erkek, y\u00fczde 44\u2019\u00fc ise kad\u0131n \u00e7al\u0131\u015fanlardan olu\u015fmaktad\u0131r. 2021 y\u0131l\u0131 e\u011fitim program\u0131m\u0131zda da yine kad\u0131nlar\u0131n istihdamdaki yerlerinin art\u0131r\u0131lmas\u0131 ve giri\u015fimcili\u011finin te\u015fvik edilmesiyle ilgili bir \u00e7ok etkinlik ve organizasyon yapmay\u0131 planlamaktay\u0131z. 8 Mart D\u00fcnya Kad\u0131nlar g\u00fcn\u00fc vesilesiyle t\u00fcm kad\u0131nlar\u0131n g\u00fcn\u00fcn\u00fc kutluyorum\u201d ifadelerinde bulundu.&nbsp;<\/p>\n","protected":false},"excerpt":{"rendered":"<p>Elaz\u0131\u011f Ticaret ve Sanayi Odas\u0131 Genel Sekreteri M. Mehmet Karabulut ve Elaz\u0131\u011f Ticaret \u0130l M\u00fcd\u00fcr\u00fc Bilal \u00d6zt\u00fcrk, Elaz\u0131\u011f Kad\u0131n Kapal\u0131 Ceza \u0130nfaz Kurumu&#8217;nu ziyaret ederek Cezaevi Savc\u0131s\u0131 Taner Karacao\u011flu ve Kurum M\u00fcd\u00fcr\u00fc Osman O\u011fuz ile birlikte kad\u0131n memurlar\u0131n ve mahkumlar\u0131n kad\u0131nlar g\u00fcn\u00fcn\u00fc kutlayarak \u00e7i\u00e7ek takdim ettiler. Sosyal sorumluluk olarak bu t\u00fcr etkinlikleri \u00f6nemsiyoruz\u2026 Elaz\u0131\u011f TSO [&hellip;]<\/p>\n","protected":false},"author":1,"featured_media":2513,"comment_status":"closed","ping_status":"closed","sticky":false,"template":"","format":"standard","meta":{"_jetpack_memberships_contains_paid_content":false,"footnotes":""},"categories":[38],"tags":[],"class_list":["post-2512","post","type-post","status-publish","format-standard","has-post-thumbnail","hentry","category-haberler"],"jetpack_sharing_enabled":true,"jetpack_featured_media_url":"https:\/\/elazigtso.org.tr\/tr\/wp-content\/uploads\/2023\/03\/2tsxYwoedf-scaled.jpeg","_links":{"self":[{"href":"https:\/\/elazigtso.org.tr\/tr\/index.php\/wp-json\/wp\/v2\/posts\/2512","targetHints":{"allow":["GET"]}}],"collection":[{"href":"https:\/\/elazigtso.org.tr\/tr\/index.php\/wp-json\/wp\/v2\/posts"}],"about":[{"href":"https:\/\/elazigtso.org.tr\/tr\/index.php\/wp-json\/wp\/v2\/types\/post"}],"author":[{"embeddable":true,"href":"https:\/\/elazigtso.org.tr\/tr\/index.php\/wp-json\/wp\/v2\/users\/1"}],"replies":[{"embeddable":true,"href":"https:\/\/elazigtso.org.tr\/tr\/index.php\/wp-json\/wp\/v2\/comments?post=2512"}],"version-history":[{"count":1,"href":"https:\/\/elazigtso.org.tr\/tr\/index.php\/wp-json\/wp\/v2\/posts\/2512\/revisions"}],"predecessor-version":[{"id":2514,"href":"https:\/\/elazigtso.org.tr\/tr\/index.php\/wp-json\/wp\/v2\/posts\/2512\/revisions\/2514"}],"wp:featuredmedia":[{"embeddable":true,"href":"https:\/\/elazigtso.org.tr\/tr\/index.php\/wp-json\/wp\/v2\/media\/2513"}],"wp:attachment":[{"href":"https:\/\/elazigtso.org.tr\/tr\/index.php\/wp-json\/wp\/v2\/media?parent=2512"}],"wp:term":[{"taxonomy":"category","embeddable":true,"href":"https:\/\/elazigtso.org.tr\/tr\/index.php\/wp-json\/wp\/v2\/categories?post=2512"},{"taxonomy":"post_tag","embeddable":true,"href":"https:\/\/elazigtso.org.tr\/tr\/index.php\/wp-json\/wp\/v2\/tags?post=2512"}],"curies":[{"name":"wp","href":"https:\/\/api.w.org\/{rel}","templated":true}]}}