{"id":2486,"date":"2021-01-27T16:25:00","date_gmt":"2021-01-27T13:25:00","guid":{"rendered":"http:\/\/elazigtso.com\/tr\/?p=2486"},"modified":"2023-07-21T14:02:26","modified_gmt":"2023-07-21T11:02:26","slug":"tobb-tesk-tusiad-ve-musiaddan-ortak-aciklama","status":"publish","type":"post","link":"https:\/\/elazigtso.org.tr\/tr\/index.php\/2021\/01\/27\/tobb-tesk-tusiad-ve-musiaddan-ortak-aciklama\/","title":{"rendered":"TOBB, TESK, T\u00dcS\u0130AD ve M\u00dcS\u0130AD&#8217;dan ortak a\u00e7\u0131klama"},"content":{"rendered":"\n<p>TOBB Ba\u015fkan\u0131 M. Rifat Hisarc\u0131kl\u0131o\u011flu, TESK Ba\u015fkan\u0131 Bendevi Paland\u00f6ken, T\u00dcS\u0130AD Ba\u015fkan\u0131 Simone Kaslowski, M\u00dcS\u0130AD Ba\u015fkan\u0131 Abdurrahman Kaan taraf\u0131ndan yap\u0131lan ortak a\u00e7\u0131klamada, T\u00fcrkiye\u2019nin \u00f6nceli\u011finin fiyat istikrar\u0131 oldu\u011fu vurguland\u0131.<\/p>\n\n\n\n<br>\n\n\n\n<p>Ortak a\u00e7\u0131klama \u015f\u00f6yle:<\/p>\n\n\n\n<p>&nbsp;\u201cT\u00fcrkiye\u2019nin tacir, sanayici ve esnaflar\u0131n\u0131 temsil eden TOBB, TESK, T\u00dcS\u0130AD ve M\u00dcS\u0130AD olarak, k\u00fcresel tedarik zincirlerinde ciddi aksamalar\u0131n ya\u015fand\u0131\u011f\u0131 COVID-19 pandemisi sonras\u0131 normalle\u015fme s\u00fcrecinde, ekonomik b\u00fcy\u00fcme ve istihdam i\u00e7in T\u00fcrkiye\u2019nin birinci \u00f6nceli\u011finin fiyat istikrar\u0131 oldu\u011funa inan\u0131yoruz.&nbsp;<\/p>\n\n\n\n<br>\n\n\n\n<p>Fiyat istikrar\u0131 sa\u011flanmadan ekonomide ba\u015flayan her canlanma, maalesef k\u0131sa s\u00fcreli olmakta ve i\u015f insanlar\u0131m\u0131z\u0131n yat\u0131r\u0131m ufkunu daraltmaktad\u0131r. Bu nedenle, \u00fclkemizin hak etti\u011fi refah art\u0131\u015f\u0131n\u0131 sa\u011flamak i\u00e7in fiyat istikrar\u0131n\u0131 bir \u00f6n ko\u015ful olarak g\u00f6rmekteyiz. Fiyat istikrar\u0131n\u0131n sa\u011flanmas\u0131yla T\u00fcrkiye\u2019de yat\u0131r\u0131m ortam\u0131 iyile\u015fecek, \u00f6ng\u00f6r\u00fclebilirlik artacak, b\u00f6ylece katma de\u011feri y\u00fcksek yeni teknoloji yat\u0131r\u0131mlar\u0131n\u0131 \u00fclkemize \u00e7ekmek m\u00fcmk\u00fcn olacakt\u0131r.&nbsp;<\/p>\n\n\n\n<br>\n\n\n\n<p>Bu a\u00e7\u0131dan bak\u0131ld\u0131\u011f\u0131nda Cumhurba\u015fkan\u0131m\u0131z Recep Tayyip Erdo\u011fan liderli\u011finde ba\u015flat\u0131lan yeni ekonomik reform g\u00fcndemini \u00e7ok yak\u0131ndan takip ediyor ve enflasyonla m\u00fccadelenin \u00f6ncelikli hedef olmas\u0131n\u0131 destekliyoruz. Enflasyonla m\u00fccadeleye y\u00f6nelik Hazine ve Maliye Bakanl\u0131\u011f\u0131 ile Merkez Bankas\u0131 koordinasyonunda y\u00fcr\u00fct\u00fclen \u00e7al\u0131\u015fmalarda bir kamu-\u00f6zel sekt\u00f6r isti\u015fare s\u00fcrecinin son derece faydal\u0131 olaca\u011f\u0131 kanaatindeyiz.&nbsp;<\/p>\n\n\n\n<br>\n\n\n\n<p>Bu isti\u015fare s\u00fcreci, t\u00fcm fiyatlar\u0131n serbest piyasa ko\u015fullar\u0131 i\u00e7inde olu\u015fmas\u0131n\u0131 g\u00f6zeterek, k\u00fcresel ve yerel fiyat dinamiklerinin sekt\u00f6rel bazda yak\u0131ndan izlenmesine ve \u00fcr\u00fcn gruplar\u0131nda g\u00f6r\u00fclen yap\u0131sal risklerin, maliyet dinamiklerinin ve arz-talep dengesizliklerinin tespit edilmesine katk\u0131da bulunacak, b\u00f6ylece veriye dayal\u0131 politika tasar\u0131m s\u00fcrecini destekleyecektir. \u0130\u015f d\u00fcnyas\u0131nda enflasyonla m\u00fccadelenin \u00f6nemi ve fiyat istikrar\u0131n\u0131n orta-uzun vadeli b\u00fcy\u00fcme ve istihdam perspektifine olumlu katk\u0131s\u0131 konusunda fark\u0131ndal\u0131\u011f\u0131 art\u0131rmak i\u00e7in kurulacak bu isti\u015fare mekanizmas\u0131n\u0131n son derece yararl\u0131 olaca\u011f\u0131na inan\u0131yoruz.&nbsp;<\/p>\n\n\n\n<br>\n\n\n\n<p>Enflasyonla m\u00fccadelede ba\u015far\u0131l\u0131 olmam\u0131z i\u00e7in Merkez Bankas\u0131\u2019n\u0131n ve ilgili kamu kurumlar\u0131n\u0131n \u00e7abalar\u0131na t\u00fcm payda\u015flar\u0131n destek vermesi gerekti\u011fini biliyor, COVID-19 sonras\u0131 k\u00fcresel toparlanma d\u00f6neminde T\u00fcrkiye\u2019nin hak etti\u011fi fiyat istikrar\u0131 hedefine h\u0131zla ula\u015fmas\u0131 i\u00e7in t\u00fcm katk\u0131y\u0131 vermeye haz\u0131r oldu\u011fumuzu kamuoyu ile payla\u015f\u0131yoruz.\u201d<\/p>\n","protected":false},"excerpt":{"rendered":"<p>TOBB Ba\u015fkan\u0131 M. Rifat Hisarc\u0131kl\u0131o\u011flu, TESK Ba\u015fkan\u0131 Bendevi Paland\u00f6ken, T\u00dcS\u0130AD Ba\u015fkan\u0131 Simone Kaslowski, M\u00dcS\u0130AD Ba\u015fkan\u0131 Abdurrahman Kaan taraf\u0131ndan yap\u0131lan ortak a\u00e7\u0131klamada, T\u00fcrkiye\u2019nin \u00f6nceli\u011finin fiyat istikrar\u0131 oldu\u011fu vurguland\u0131. Ortak a\u00e7\u0131klama \u015f\u00f6yle: &nbsp;\u201cT\u00fcrkiye\u2019nin tacir, sanayici ve esnaflar\u0131n\u0131 temsil eden TOBB, TESK, T\u00dcS\u0130AD ve M\u00dcS\u0130AD olarak, k\u00fcresel tedarik zincirlerinde ciddi aksamalar\u0131n ya\u015fand\u0131\u011f\u0131 COVID-19 pandemisi sonras\u0131 normalle\u015fme s\u00fcrecinde, ekonomik [&hellip;]<\/p>\n","protected":false},"author":1,"featured_media":2487,"comment_status":"closed","ping_status":"closed","sticky":false,"template":"","format":"standard","meta":{"_jetpack_memberships_contains_paid_content":false,"footnotes":""},"categories":[38],"tags":[],"class_list":["post-2486","post","type-post","status-publish","format-standard","has-post-thumbnail","hentry","category-haberler"],"jetpack_sharing_enabled":true,"jetpack_featured_media_url":"https:\/\/elazigtso.org.tr\/tr\/wp-content\/uploads\/2023\/03\/jIvQqWDZES.jpeg","_links":{"self":[{"href":"https:\/\/elazigtso.org.tr\/tr\/index.php\/wp-json\/wp\/v2\/posts\/2486","targetHints":{"allow":["GET"]}}],"collection":[{"href":"https:\/\/elazigtso.org.tr\/tr\/index.php\/wp-json\/wp\/v2\/posts"}],"about":[{"href":"https:\/\/elazigtso.org.tr\/tr\/index.php\/wp-json\/wp\/v2\/types\/post"}],"author":[{"embeddable":true,"href":"https:\/\/elazigtso.org.tr\/tr\/index.php\/wp-json\/wp\/v2\/users\/1"}],"replies":[{"embeddable":true,"href":"https:\/\/elazigtso.org.tr\/tr\/index.php\/wp-json\/wp\/v2\/comments?post=2486"}],"version-history":[{"count":1,"href":"https:\/\/elazigtso.org.tr\/tr\/index.php\/wp-json\/wp\/v2\/posts\/2486\/revisions"}],"predecessor-version":[{"id":2488,"href":"https:\/\/elazigtso.org.tr\/tr\/index.php\/wp-json\/wp\/v2\/posts\/2486\/revisions\/2488"}],"wp:featuredmedia":[{"embeddable":true,"href":"https:\/\/elazigtso.org.tr\/tr\/index.php\/wp-json\/wp\/v2\/media\/2487"}],"wp:attachment":[{"href":"https:\/\/elazigtso.org.tr\/tr\/index.php\/wp-json\/wp\/v2\/media?parent=2486"}],"wp:term":[{"taxonomy":"category","embeddable":true,"href":"https:\/\/elazigtso.org.tr\/tr\/index.php\/wp-json\/wp\/v2\/categories?post=2486"},{"taxonomy":"post_tag","embeddable":true,"href":"https:\/\/elazigtso.org.tr\/tr\/index.php\/wp-json\/wp\/v2\/tags?post=2486"}],"curies":[{"name":"wp","href":"https:\/\/api.w.org\/{rel}","templated":true}]}}