{"id":2482,"date":"2021-01-20T16:14:00","date_gmt":"2021-01-20T13:14:00","guid":{"rendered":"http:\/\/elazigtso.com\/tr\/?p=2482"},"modified":"2023-07-21T14:02:32","modified_gmt":"2023-07-21T11:02:32","slug":"tobb-dijitallesme-fuari-26-ocakta-basliyor","status":"publish","type":"post","link":"https:\/\/elazigtso.org.tr\/tr\/index.php\/2021\/01\/20\/tobb-dijitallesme-fuari-26-ocakta-basliyor\/","title":{"rendered":"TOBB D\u0130J\u0130TALLE\u015eME FUARI 26 OCAK\u2019TA BA\u015eLIYOR"},"content":{"rendered":"\n<p><strong>T\u00fcrkiye Odalar ve Borsalar Birli\u011fi (TOBB), pandemi s\u00fcreci ile birlikte daha da \u00f6nem kazanan dijitalle\u015fmeyi ve bu alandaki geli\u015fmeleri KOB\u0130\u2019lere aktarabilmek i\u00e7in 26-27 Ocak 2021 tarihlerinde Dijitalle\u015fme Sanal Fuar\u0131 d\u00fczenleyecek. TOBB Ba\u015fkan\u0131 M. Rifat Hisarc\u0131kl\u0131o\u011flu giri\u015fimcilerin dijitalle\u015fen yeni d\u00fcnyaya uyum sa\u011flamalar\u0131n\u0131 kolayla\u015ft\u0131rmak istediklerini s\u00f6yledi. Kat\u0131l\u0131m\u0131n \u00fccretsiz olaca\u011f\u0131 sanal fuarda, stant sahipleri ile yaz\u0131l\u0131, sesli ve g\u00f6r\u00fcnt\u00fcl\u00fc olarak ileti\u015fime ge\u00e7ilebilecek.\u200b<\/strong><\/p>\n\n\n\n<br>\n\n\n\n<p><strong>Hisarc\u0131kl\u0131o\u011flu\u2019ndan KOB\u0130\u2019lere \u2018dijital teknolojileri kullan\u0131n\u2019 \u00e7a\u011fr\u0131s\u0131\u2026<\/strong><\/p>\n\n\n\n<p>T\u00fcrkiye Odalar ve Borsalar Birli\u011fi (TOBB) taraf\u0131ndan 26-27 Ocak 2021 tarihlerinde internet ortam\u0131nda ger\u00e7ekle\u015ftirilecek olan sanal fuar ile dijitalle\u015fen yeni d\u00fcnyaya uyum sa\u011flanmas\u0131 hedefleniyor. Fuar kapsam\u0131nda yaz\u0131l\u0131m, telekom\u00fcnikasyon ve e-ticaret sekt\u00f6r\u00fcnden 100\u2019e yak\u0131n \u015firket stant a\u00e7acak. Hedef; KOB\u0130&#8217;lerin ihtiya\u00e7 duyabilecekleri bilgiye eri\u015fmeleri, gerekli ara\u00e7lar\u0131 tan\u0131malar\u0131 ve potansiyel i\u015fbirliklerini geli\u015ftirmeleri.<\/p>\n\n\n\n<p>Dijitalle\u015fme Sanal Fuar\u0131&#8217;na ili\u015fkin de\u011ferlendirmelerde bulunan TOBB Ba\u015fkan\u0131 M. Rifat Hisarc\u0131kl\u0131o\u011flu, &#8221;Pandemi ile birlikte \u015firketler i\u00e7in yeni bir d\u00f6nem ba\u015flad\u0131. Ticaretin devam\u0131 etmesi i\u00e7in dijitalle\u015fme bir zorunluluk haline geldi. \u015eirketlerimiz de bu d\u00f6nemde h\u0131zla teknolojik d\u00f6n\u00fc\u015f\u00fcme ayak uydurmaya ba\u015flad\u0131. Bu d\u00f6n\u00fc\u015f\u00fcm\u00fc ger\u00e7ekle\u015ftiren her sekt\u00f6rden ve \u00f6l\u00e7ekten \u015firketler yeni m\u00fc\u015fterilere ula\u015f\u0131rken verimliliklerini de artt\u0131rd\u0131. TOBB olarak \u00f6zel sekt\u00f6r\u00fcn\u00fcn yeni ekonomiye daha h\u0131zl\u0131 uyum sa\u011flamas\u0131 i\u00e7in \u00e7ok say\u0131da projeyi hayata ge\u00e7irdik. \u015eimdi de TOBB Dijitalle\u015fme Sanal Fuar\u0131\u2019nda teknoloji \u015firketlerimizle KOB\u0130\u2019lerimizi bir araya getiriyoruz. T\u00fcm \u00fcyelerimizi bu etkinli\u011fe davet ediyorum&#8221; dedi.<\/p>\n\n\n\n<br>\n\n\n\n<p><strong>Arslan: KOB\u0130\u2019lerimiz i\u00e7in \u00e7ok \u00f6nemli bir f\u0131rsatt\u0131r\u2026<\/strong><\/p>\n\n\n\n<p>Elaz\u0131\u011f TSO Y\u00f6netim Kurulu Ba\u015fkan\u0131 Asilhan Arslan, TOBB sanal fuar\u0131n\u0131n \u0130limiz KOB\u0130\u2019leri i\u00e7in de \u00e7ok \u00f6nemli bir f\u0131rsat oldu\u011funu s\u00f6yleyerek t\u00fcm Oda \u00fcyelerinin sanal fuar\u0131 takip etmesini \u00f6nerdi. Ba\u015fkan Arslan, Elaz\u0131\u011f TSO taraf\u0131ndan 2020 y\u0131l\u0131nda devreye al\u0131nan<mark style=\"background-color:rgba(0, 0, 0, 0);color:#006cc4\" class=\"has-inline-color\"><strong>\u00a0<a href=\"http:\/\/www.elazigburada.com.tr\/\">www.elazigburada.com.tr<\/a><\/strong><\/mark>   \u00a0e-Ticaret portal\u0131 ile birlikte dijital platformda da Elaz\u0131\u011f \u00fcretiminin T\u00fcrkiye ve d\u00fcnya pazar\u0131na a\u00e7\u0131lma s\u00fcrecinin ba\u015flat\u0131ld\u0131\u011f\u0131n\u0131 ifade ederek, sanal ortamda hedeflenen ba\u015far\u0131ya ula\u015fmak i\u00e7in bu etkinliklerin \u00f6nemine de\u011findi.<\/p>\n\n\n\n<p>Ba\u015fkan Arslan de\u011ferlendirmesinde, \u201cTOBB Sanal Fuar\u0131nda ziyaret\u00e7iler t\u00fcm stantlar\u0131 gezebilecek, firma yetkilileri ile yaz\u0131l\u0131, sesli ve g\u00f6r\u00fcnt\u00fcl\u00fc olarak ileti\u015fime ge\u00e7ebilecekler. \u0130ki g\u00fcn s\u00fcrecek etkinlik esnas\u0131nda ger\u00e7ekle\u015fecek B2B toplant\u0131lar\u0131 ile KOB\u0130\u2019lere dijitalle\u015fme ara\u00e7lar\u0131 daha yak\u0131ndan tan\u0131ma f\u0131rsat\u0131 da sunulacak. Ayr\u0131ca; Ekonomide Dijital D\u00f6n\u00fc\u015f\u00fcm, Yeni Normal: Dijitalle\u015fme Paneli, Yaz\u0131l\u0131m Sekt\u00f6r\u00fcn\u00fcn Uluslararas\u0131 Rekabette Konumlanmas\u0131,&nbsp; Dijitalle\u015fmenin Anahtar\u0131: 5G ve Nesnelerin \u0130nterneti ba\u015fl\u0131kl\u0131 webinarlar olacak. Ziyaret\u00e7ilerle &#8220;yaz\u0131l\u0131m&#8221;, &#8220;e-ticaret&#8221; ve &#8220;telekom\u00fcnikasyon&#8221; sekt\u00f6rlerinde dijitalle\u015fme ve bu sekt\u00f6rlere y\u00f6nelik dijital d\u00f6n\u00fc\u015f\u00fcm \u00f6rnekleri payla\u015f\u0131lacak. Etkinli\u011fe kat\u0131l\u0131m \u00fccretsiz olacakt\u0131r\u201d dedi.<\/p>\n\n\n\n<p>Etkinli\u011fe<strong><mark style=\"background-color:rgba(0, 0, 0, 0);color:#0065d9\" class=\"has-inline-color\">\u00a0<a href=\"https:\/\/sanalfuar.tobb.org.tr\/\">https:\/\/sanalfuar.tobb.org.tr\/<\/a>\u00a0<\/mark><\/strong>adresinden ula\u015f\u0131labilecek olup, konuyla ilgili t\u00fcm detaylar tobb.org.tr\/sanalfuar adresinde yer almaktad\u0131r.<\/p>\n","protected":false},"excerpt":{"rendered":"<p>T\u00fcrkiye Odalar ve Borsalar Birli\u011fi (TOBB), pandemi s\u00fcreci ile birlikte daha da \u00f6nem kazanan dijitalle\u015fmeyi ve bu alandaki geli\u015fmeleri KOB\u0130\u2019lere aktarabilmek i\u00e7in 26-27 Ocak 2021 tarihlerinde Dijitalle\u015fme Sanal Fuar\u0131 d\u00fczenleyecek. TOBB Ba\u015fkan\u0131 M. Rifat Hisarc\u0131kl\u0131o\u011flu giri\u015fimcilerin dijitalle\u015fen yeni d\u00fcnyaya uyum sa\u011flamalar\u0131n\u0131 kolayla\u015ft\u0131rmak istediklerini s\u00f6yledi. Kat\u0131l\u0131m\u0131n \u00fccretsiz olaca\u011f\u0131 sanal fuarda, stant sahipleri ile yaz\u0131l\u0131, sesli ve [&hellip;]<\/p>\n","protected":false},"author":1,"featured_media":2483,"comment_status":"closed","ping_status":"closed","sticky":false,"template":"","format":"standard","meta":{"_jetpack_memberships_contains_paid_content":false,"footnotes":""},"categories":[38],"tags":[],"class_list":["post-2482","post","type-post","status-publish","format-standard","has-post-thumbnail","hentry","category-haberler"],"jetpack_sharing_enabled":true,"jetpack_featured_media_url":"https:\/\/elazigtso.org.tr\/tr\/wp-content\/uploads\/2023\/03\/4jlqA9811L.png","_links":{"self":[{"href":"https:\/\/elazigtso.org.tr\/tr\/index.php\/wp-json\/wp\/v2\/posts\/2482","targetHints":{"allow":["GET"]}}],"collection":[{"href":"https:\/\/elazigtso.org.tr\/tr\/index.php\/wp-json\/wp\/v2\/posts"}],"about":[{"href":"https:\/\/elazigtso.org.tr\/tr\/index.php\/wp-json\/wp\/v2\/types\/post"}],"author":[{"embeddable":true,"href":"https:\/\/elazigtso.org.tr\/tr\/index.php\/wp-json\/wp\/v2\/users\/1"}],"replies":[{"embeddable":true,"href":"https:\/\/elazigtso.org.tr\/tr\/index.php\/wp-json\/wp\/v2\/comments?post=2482"}],"version-history":[{"count":2,"href":"https:\/\/elazigtso.org.tr\/tr\/index.php\/wp-json\/wp\/v2\/posts\/2482\/revisions"}],"predecessor-version":[{"id":2485,"href":"https:\/\/elazigtso.org.tr\/tr\/index.php\/wp-json\/wp\/v2\/posts\/2482\/revisions\/2485"}],"wp:featuredmedia":[{"embeddable":true,"href":"https:\/\/elazigtso.org.tr\/tr\/index.php\/wp-json\/wp\/v2\/media\/2483"}],"wp:attachment":[{"href":"https:\/\/elazigtso.org.tr\/tr\/index.php\/wp-json\/wp\/v2\/media?parent=2482"}],"wp:term":[{"taxonomy":"category","embeddable":true,"href":"https:\/\/elazigtso.org.tr\/tr\/index.php\/wp-json\/wp\/v2\/categories?post=2482"},{"taxonomy":"post_tag","embeddable":true,"href":"https:\/\/elazigtso.org.tr\/tr\/index.php\/wp-json\/wp\/v2\/tags?post=2482"}],"curies":[{"name":"wp","href":"https:\/\/api.w.org\/{rel}","templated":true}]}}