{"id":2474,"date":"2021-01-12T16:08:00","date_gmt":"2021-01-12T13:08:00","guid":{"rendered":"http:\/\/elazigtso.com\/tr\/?p=2474"},"modified":"2023-07-21T14:02:38","modified_gmt":"2023-07-21T11:02:38","slug":"ipard-ii-programi-10-basvuru-cagri-on-ilani-yayinlandi","status":"publish","type":"post","link":"https:\/\/elazigtso.org.tr\/tr\/index.php\/2021\/01\/12\/ipard-ii-programi-10-basvuru-cagri-on-ilani-yayinlandi\/","title":{"rendered":"IPARD II Program\u0131 10. Ba\u015fvuru \u00c7a\u011fr\u0131 \u00d6n \u0130lan\u0131 Yay\u0131nland\u0131"},"content":{"rendered":"\n<p><strong>Tar\u0131m ve Orman Bakanl\u0131\u011f\u0131n\u0131n ilgili kurulu\u015fu olan Tar\u0131m ve K\u0131rsal Kalk\u0131nmay\u0131 Destekleme Kurumu (TKDK) 2021 y\u0131l\u0131 Onuncu Ba\u015fvuru \u00c7a\u011fr\u0131 \u0130lan \u00e7a\u011fr\u0131s\u0131 yay\u0131nland\u0131. S\u00f6z konusu ilandan Elaz\u0131\u011f\u2019\u0131n da aralar\u0131nda bulundu\u011fu ve IPARD Program\u0131\u2019n\u0131n uyguland\u0131\u011f\u0131 42 il faydalanacak\u2026<\/strong><\/p>\n\n\n\n<br>\n\n\n\n<p><strong>Ba\u015fvurular 15 \u015eubat\u2019ta Ba\u015fl\u0131yor\u2026<\/strong><\/p>\n\n\n\n<p>IPARD II D\u00f6nemi Onuncu Ba\u015fvuru \u00c7a\u011fr\u0131 \u00d6n \u0130lan\u0131na 07 Ocak 2021 tarihinde yay\u0131nlanm\u0131\u015ft\u0131r. Tar\u0131m ve Orman Bakanl\u0131\u011f\u0131n\u0131n ilgili kurulu\u015fu olan Tar\u0131m ve K\u0131rsal Kalk\u0131nmay\u0131 Destekleme Kurumu koordinat\u00f6rl\u00fc\u011f\u00fcnde 10. D\u00f6nem \u00e7a\u011fr\u0131 kapsam\u0131nda iki farkl\u0131 tedbir kapsam\u0131nda destekler grupland\u0131r\u0131lm\u0131\u015ft\u0131r.<\/p>\n\n\n\n<p>Program\u0131n kayna\u011f\u0131 faydalan\u0131c\u0131lara uygun harcamalar kar\u015f\u0131l\u0131\u011f\u0131nda sa\u011flanacak olan mali deste\u011fin kayna\u011f\u0131, Avrupa Birli\u011fi ve T\u00fcrkiye Cumhuriyeti e\u015f finansman\u0131ndan olu\u015fturulan IPARD Program\u0131 Fonu\u2019dur. Bu ba\u015fvuru \u00e7a\u011fr\u0131 ilan\u0131 kapsam\u0131nda destek almak amac\u0131yla ba\u015fvurular\u0131n yap\u0131laca\u011f\u0131 ve yat\u0131r\u0131m\u0131n uygulanaca\u011f\u0131 iller IPARD Program\u0131\u2019n\u0131n uyguland\u0131\u011f\u0131 ve aralar\u0131nda Elaz\u0131\u011f\u2019\u0131n bulundu\u011fu 42 ildir.<\/p>\n\n\n\n<p>Desteklenecek tedbirler; bu \u00e7a\u011fr\u0131 d\u00f6neminde \u2018101-Tar\u0131msal \u0130\u015fletmelerin Fiziki Varl\u0131klar\u0131na Y\u00f6nelik Yat\u0131r\u0131mlar\u2019 tedbiri ile \u2018103-Tar\u0131m ve Bal\u0131k\u00e7\u0131l\u0131k \u00dcr\u00fcnlerinin \u0130\u015flenmesi ve Pazarlanmas\u0131 ile \u0130lgili Fiziki Varl\u0131klara Y\u00f6nelik Yat\u0131r\u0131mlar\u2019 tedbirlerinden ba\u015fvurular kabul edilecektir.<\/p>\n\n\n\n<br>\n\n\n\n<p><strong>Desteklenecek Yat\u0131r\u0131m Konular\u0131 ve Hibe Oran\u0131\u2026<\/strong><\/p>\n\n\n\n<p>Tedbir 101 Kapsam\u0131nda; S\u00fct \u00dcreten Tar\u0131msal \u0130\u015fletmeler, K\u0131rm\u0131z\u0131 Et \u00dcreten Tar\u0131msal \u0130\u015fletmeler,&nbsp; Kanatl\u0131 Eti \u00dcreten Tar\u0131msal \u0130\u015fletmeler ve Yumurta \u00dcreten Tar\u0131msal \u0130\u015fletmelerin yat\u0131r\u0131m toplam\u0131n\u0131n y\u00fczde 50-70 aras\u0131ndaki k\u0131sm\u0131na hibe deste\u011fi verilecektir.<\/p>\n\n\n\n<p>Tedbir 103 Kapsam\u0131nda; S\u00fct ve S\u00fct \u00dcr\u00fcnlerinin \u0130\u015flenmesi ve Pazarlanmas\u0131, K\u0131rm\u0131z\u0131 Et ve Et \u00dcr\u00fcnlerinin \u0130\u015flenmesi ve Pazarlanmas\u0131, Kanatl\u0131 Eti ve Et \u00dcr\u00fcnlerinin \u0130\u015flenmesi ve Pazarlanmas\u0131, Su \u00dcr\u00fcnlerinin \u0130\u015flenmesi ve Pazarlanmas\u0131 Meyve ve Sebze \u00dcr\u00fcnlerinin \u0130\u015flenmesi ve Pazarlanmas\u0131 yat\u0131r\u0131m toplam\u0131n\u0131n y\u00fczde 40-50 aras\u0131ndaki k\u0131sm\u0131na hibe sa\u011flanacakt\u0131r.<\/p>\n\n\n\n<p>Her iki destek i\u00e7in ba\u015fvurular online yap\u0131lacak olup; 15 \u015eubatta ba\u015flayacak olup tedbir 101 kapsam\u0131ndaki son ba\u015fvuru tarihi 16 Mart 2021, tedbir 103 i\u00e7in ise 26 Mart 2021\u2019dir.<\/p>\n\n\n\n<br>\n\n\n\n<p><strong>Yat\u0131r\u0131m S\u00fcresi\u2026<\/strong><\/p>\n\n\n\n<p>Onuncu Ba\u015fvuru \u00c7a\u011fr\u0131 \u0130lan\u0131 kapsam\u0131nda haz\u0131rlanacak ba\u015fvurularda yat\u0131r\u0131m s\u00fcreleri en fazla<\/p>\n\n\n\n<p>12 (on iki) ay olarak planlanmal\u0131d\u0131r. Taksitlendirmenin nas\u0131l yap\u0131laca\u011f\u0131 ile ilgili bilgiler Ba\u015fvuru \u00c7a\u011fr\u0131 Rehberinde yer almaktad\u0131r.<\/p>\n\n\n\n<p>\u00a0\u00a0\u00a0\u00a0\u00a0\u00a0\u00a0\u00a0\u00a0\u00a0\u00a0 Detayl\u0131 bilgi<mark style=\"background-color:rgba(0, 0, 0, 0);color:#0063b9\" class=\"has-inline-color\"><strong>\u00a0<a href=\"http:\/\/www.elazigtso.org.tr\/\">www.elazigtso.org.tr<\/a><\/strong><\/mark>\u00a0ile<mark style=\"background-color:rgba(0, 0, 0, 0);color:#0063b9\" class=\"has-inline-color\">\u00a0<strong><a href=\"https:\/\/elazig.tkdk.gov.tr\/\">https:\/\/elazig.tkdk.gov.tr<\/a>\u00a0<\/strong><\/mark>internet sitesinde bulunmaktad\u0131r.<\/p>\n","protected":false},"excerpt":{"rendered":"<p>Tar\u0131m ve Orman Bakanl\u0131\u011f\u0131n\u0131n ilgili kurulu\u015fu olan Tar\u0131m ve K\u0131rsal Kalk\u0131nmay\u0131 Destekleme Kurumu (TKDK) 2021 y\u0131l\u0131 Onuncu Ba\u015fvuru \u00c7a\u011fr\u0131 \u0130lan \u00e7a\u011fr\u0131s\u0131 yay\u0131nland\u0131. S\u00f6z konusu ilandan Elaz\u0131\u011f\u2019\u0131n da aralar\u0131nda bulundu\u011fu ve IPARD Program\u0131\u2019n\u0131n uyguland\u0131\u011f\u0131 42 il faydalanacak\u2026 Ba\u015fvurular 15 \u015eubat\u2019ta Ba\u015fl\u0131yor\u2026 IPARD II D\u00f6nemi Onuncu Ba\u015fvuru \u00c7a\u011fr\u0131 \u00d6n \u0130lan\u0131na 07 Ocak 2021 tarihinde yay\u0131nlanm\u0131\u015ft\u0131r. Tar\u0131m ve [&hellip;]<\/p>\n","protected":false},"author":1,"featured_media":2475,"comment_status":"closed","ping_status":"closed","sticky":false,"template":"","format":"standard","meta":{"_jetpack_memberships_contains_paid_content":false,"footnotes":""},"categories":[38],"tags":[],"class_list":["post-2474","post","type-post","status-publish","format-standard","has-post-thumbnail","hentry","category-haberler"],"jetpack_sharing_enabled":true,"jetpack_featured_media_url":"https:\/\/elazigtso.org.tr\/tr\/wp-content\/uploads\/2023\/03\/r8FrU9uQXQ-scaled.jpeg","_links":{"self":[{"href":"https:\/\/elazigtso.org.tr\/tr\/index.php\/wp-json\/wp\/v2\/posts\/2474","targetHints":{"allow":["GET"]}}],"collection":[{"href":"https:\/\/elazigtso.org.tr\/tr\/index.php\/wp-json\/wp\/v2\/posts"}],"about":[{"href":"https:\/\/elazigtso.org.tr\/tr\/index.php\/wp-json\/wp\/v2\/types\/post"}],"author":[{"embeddable":true,"href":"https:\/\/elazigtso.org.tr\/tr\/index.php\/wp-json\/wp\/v2\/users\/1"}],"replies":[{"embeddable":true,"href":"https:\/\/elazigtso.org.tr\/tr\/index.php\/wp-json\/wp\/v2\/comments?post=2474"}],"version-history":[{"count":2,"href":"https:\/\/elazigtso.org.tr\/tr\/index.php\/wp-json\/wp\/v2\/posts\/2474\/revisions"}],"predecessor-version":[{"id":2481,"href":"https:\/\/elazigtso.org.tr\/tr\/index.php\/wp-json\/wp\/v2\/posts\/2474\/revisions\/2481"}],"wp:featuredmedia":[{"embeddable":true,"href":"https:\/\/elazigtso.org.tr\/tr\/index.php\/wp-json\/wp\/v2\/media\/2475"}],"wp:attachment":[{"href":"https:\/\/elazigtso.org.tr\/tr\/index.php\/wp-json\/wp\/v2\/media?parent=2474"}],"wp:term":[{"taxonomy":"category","embeddable":true,"href":"https:\/\/elazigtso.org.tr\/tr\/index.php\/wp-json\/wp\/v2\/categories?post=2474"},{"taxonomy":"post_tag","embeddable":true,"href":"https:\/\/elazigtso.org.tr\/tr\/index.php\/wp-json\/wp\/v2\/tags?post=2474"}],"curies":[{"name":"wp","href":"https:\/\/api.w.org\/{rel}","templated":true}]}}