{"id":2376,"date":"2020-09-30T15:02:00","date_gmt":"2020-09-30T12:02:00","guid":{"rendered":"http:\/\/elazigtso.com\/tr\/?p=2376"},"modified":"2023-07-21T13:58:34","modified_gmt":"2023-07-21T10:58:34","slug":"kgfde-yeni-operasyonel-yapilanma","status":"publish","type":"post","link":"https:\/\/elazigtso.org.tr\/tr\/index.php\/2020\/09\/30\/kgfde-yeni-operasyonel-yapilanma\/","title":{"rendered":"KGF\u2019DE YEN\u0130 OPERASYONEL YAPILANMA"},"content":{"rendered":"\n<p><strong>Hizmet S\u00fcreci Aksamadan Devam Edecektir\u2026<\/strong><\/p>\n\n\n\n<br>\n\n\n\n<p>Kredi Garanti Fonu\u2019nun gerek y\u00f6netim yap\u0131lanmas\u0131 ve gerekse \u00fclke genelindeki hizmet a\u011f\u0131nda 2020 y\u0131l\u0131 itibar\u0131 ile yeni bir \u00e7al\u0131\u015fma s\u00fcreci ba\u015flat\u0131lm\u0131\u015f olup, bu s\u00fcre\u00e7te aralar\u0131nda Elaz\u0131\u011f \u015eubesinin de bulundu\u011fu te\u015fkilatlar\u0131n kapat\u0131larak B\u00f6lge M\u00fcd\u00fcrl\u00fckleri \u00fczerinden hizmet sa\u011flanmas\u0131na gidilmi\u015ftir.<\/p>\n\n\n\n<p>KGF\u2019nin i\u015f d\u00fcnyas\u0131na sundu\u011fu hizmetlerin bu s\u00fcre\u00e7te herhangi bir aksamamaya meydan vermeyecek \u015fekilde planlamalar\u0131 yap\u0131lm\u0131\u015f olup, ilimiz i\u015f d\u00fcnyas\u0131n\u0131n daha \u00f6nce Gaziantep B\u00f6lge M\u00fcd\u00fcrl\u00fc\u011f\u00fc \u00fczerinden alm\u0131\u015f oldu\u011fu hizmetler devam edecektir.<\/p>\n\n\n\n<p>Odam\u0131z hizmet binas\u0131 i\u00e7erisindeki fiziki mekan mevcudiyetini korumakta olup, \u00f6n\u00fcm\u00fczdeki s\u00fcre\u00e7 i\u00e7erisinde KGF te\u015fkilat yap\u0131lanmas\u0131nda yeni bir d\u00fczenleme olmas\u0131 halinde, yeniden aktif hale getirilecektir.<\/p>\n","protected":false},"excerpt":{"rendered":"<p>Hizmet S\u00fcreci Aksamadan Devam Edecektir\u2026 Kredi Garanti Fonu\u2019nun gerek y\u00f6netim yap\u0131lanmas\u0131 ve gerekse \u00fclke genelindeki hizmet a\u011f\u0131nda 2020 y\u0131l\u0131 itibar\u0131 ile yeni bir \u00e7al\u0131\u015fma s\u00fcreci ba\u015flat\u0131lm\u0131\u015f olup, bu s\u00fcre\u00e7te aralar\u0131nda Elaz\u0131\u011f \u015eubesinin de bulundu\u011fu te\u015fkilatlar\u0131n kapat\u0131larak B\u00f6lge M\u00fcd\u00fcrl\u00fckleri \u00fczerinden hizmet sa\u011flanmas\u0131na gidilmi\u015ftir. KGF\u2019nin i\u015f d\u00fcnyas\u0131na sundu\u011fu hizmetlerin bu s\u00fcre\u00e7te herhangi bir aksamamaya meydan vermeyecek \u015fekilde [&hellip;]<\/p>\n","protected":false},"author":1,"featured_media":2315,"comment_status":"closed","ping_status":"closed","sticky":false,"template":"","format":"standard","meta":{"_jetpack_memberships_contains_paid_content":false,"footnotes":""},"categories":[38],"tags":[],"class_list":["post-2376","post","type-post","status-publish","format-standard","has-post-thumbnail","hentry","category-haberler"],"jetpack_sharing_enabled":true,"jetpack_featured_media_url":"https:\/\/elazigtso.org.tr\/tr\/wp-content\/uploads\/2023\/03\/WhatsApp-Image-2023-03-13-at-14.29.18.jpeg","_links":{"self":[{"href":"https:\/\/elazigtso.org.tr\/tr\/index.php\/wp-json\/wp\/v2\/posts\/2376","targetHints":{"allow":["GET"]}}],"collection":[{"href":"https:\/\/elazigtso.org.tr\/tr\/index.php\/wp-json\/wp\/v2\/posts"}],"about":[{"href":"https:\/\/elazigtso.org.tr\/tr\/index.php\/wp-json\/wp\/v2\/types\/post"}],"author":[{"embeddable":true,"href":"https:\/\/elazigtso.org.tr\/tr\/index.php\/wp-json\/wp\/v2\/users\/1"}],"replies":[{"embeddable":true,"href":"https:\/\/elazigtso.org.tr\/tr\/index.php\/wp-json\/wp\/v2\/comments?post=2376"}],"version-history":[{"count":1,"href":"https:\/\/elazigtso.org.tr\/tr\/index.php\/wp-json\/wp\/v2\/posts\/2376\/revisions"}],"predecessor-version":[{"id":2383,"href":"https:\/\/elazigtso.org.tr\/tr\/index.php\/wp-json\/wp\/v2\/posts\/2376\/revisions\/2383"}],"wp:featuredmedia":[{"embeddable":true,"href":"https:\/\/elazigtso.org.tr\/tr\/index.php\/wp-json\/wp\/v2\/media\/2315"}],"wp:attachment":[{"href":"https:\/\/elazigtso.org.tr\/tr\/index.php\/wp-json\/wp\/v2\/media?parent=2376"}],"wp:term":[{"taxonomy":"category","embeddable":true,"href":"https:\/\/elazigtso.org.tr\/tr\/index.php\/wp-json\/wp\/v2\/categories?post=2376"},{"taxonomy":"post_tag","embeddable":true,"href":"https:\/\/elazigtso.org.tr\/tr\/index.php\/wp-json\/wp\/v2\/tags?post=2376"}],"curies":[{"name":"wp","href":"https:\/\/api.w.org\/{rel}","templated":true}]}}