{"id":2243,"date":"2020-04-05T13:56:00","date_gmt":"2020-04-05T10:56:00","guid":{"rendered":"http:\/\/elazigtso.com\/tr\/?p=2243"},"modified":"2023-07-21T14:03:23","modified_gmt":"2023-07-21T11:03:23","slug":"sivil-toplum-kuruluslarindan-ortak-aciklama","status":"publish","type":"post","link":"https:\/\/elazigtso.org.tr\/tr\/index.php\/2020\/04\/05\/sivil-toplum-kuruluslarindan-ortak-aciklama\/","title":{"rendered":"Sivil Toplum Kurulu\u015flar\u0131ndan Ortak A\u00e7\u0131klama"},"content":{"rendered":"\n<p><strong>Telekonferans y\u00f6ntemiyle TOBB \u00f6nc\u00fcl\u00fc\u011f\u00fcnde T\u00fcrkiye&#8217;nin \u00f6nde gelen meslek \u00f6rg\u00fct\u00fc, sendika konfederasyonlar\u0131 ve sivil toplum \u00f6rg\u00fctleri, t\u00fcm d\u00fcnyada oldu\u011fu gibi T\u00fcrkiye\u2019de de etkili olan yeni tip korona vir\u00fcse (Kovid-19) kar\u015f\u0131 y\u00fcr\u00fct\u00fclen m\u00fccadele s\u00fcrecine ili\u015fkin ortak a\u00e7\u0131klama yapt\u0131lar.\u200b<\/strong><\/p>\n\n\n\n<br>\n\n\n\n<p><strong>\u00c7al\u0131\u015fan\u0131n\u0131 i\u015ften \u00e7\u0131karma, istihdam\u0131n\u0131 koru\u2026<\/strong><\/p>\n\n\n\n<p>TOBB Ba\u015fkan\u0131 M.Rifat Hisarc\u0131kl\u0131o\u011flu&#8217;nun okudu\u011fu ortak a\u00e7\u0131klama \u015f\u00f6yle:<\/p>\n\n\n\n<p>&nbsp;\u201c\u015eu an d\u00fcnyan\u0131n neredeyse tamam\u0131, son y\u00fczy\u0131l\u0131n en b\u00fcy\u00fck felaketlerinden biri olarak tan\u0131mlanan Covid-19 salg\u0131n\u0131ndan mustarip durumda.<\/p>\n\n\n\n<p>\u0130ki cihan harbinden sonra, d\u00fcnyan\u0131n kar\u015f\u0131 kar\u015f\u0131ya kald\u0131\u011f\u0131 en b\u00fcy\u00fck krizi ya\u015f\u0131yoruz. Herkes tedirgin ve yar\u0131na nas\u0131l bir g\u00fcnde uyanaca\u011f\u0131 endi\u015fesinde. Pek \u00e7o\u011fumuz g\u00f6n\u00fcll\u00fc karantina hayat\u0131 ya\u015f\u0131yor. Halen bu vir\u00fcs d\u00fcnyan\u0131n 174 \u00fclkesine yay\u0131lm\u0131\u015f durumdad\u0131r. \u00dclkemiz de buna kar\u015f\u0131 topyek\u00fbn m\u00fccadele veriyor.<\/p>\n\n\n\n<p>&nbsp;Bu s\u00fcre\u00e7te sa\u011fl\u0131k \u00e7al\u0131\u015fanlar\u0131m\u0131z ba\u015fta olmak \u00fczere i\u015finin ba\u015f\u0131nda olan t\u00fcm \u00e7al\u0131\u015fanlar\u0131m\u0131za, giri\u015fimcilerimize ve i\u015fverenlerimize \u015f\u00fckranlar\u0131m\u0131z\u0131 sunuyoruz.&nbsp;Bu s\u00fcre\u00e7te bizim yapmam\u0131z gereken, dayan\u0131\u015fma i\u00e7inde olmakt\u0131r.&nbsp;Bu salg\u0131na kar\u015f\u0131 83 Milyon hep birlikte m\u00fccadele vermektir.&nbsp;Bir oldu\u011fumuzu, iri oldu\u011fumuzu, diri oldu\u011fumuzu herkese g\u00f6stermektir.&nbsp;Korona vir\u00fcse kar\u015f\u0131 belirlenen tedbirleri alarak ve kurallara s\u0131k\u0131 s\u0131k\u0131ya uyarak, hem \u00e7al\u0131\u015fanlar\u0131m\u0131z\u0131, hem de firmalar\u0131m\u0131z\u0131 korumakt\u0131r.&nbsp;\u00dcretim ve hizmet kapasitemizi koruyarak \u00fcretmeye devam etmek, istihdam\u0131 korumakt\u0131r.<\/p>\n\n\n\n<p>Bunun i\u00e7in H\u00fck\u00fcmetimiz, K\u0131sa \u00c7al\u0131\u015fma \u00d6dene\u011finden yararlanma \u015fartlar\u0131n\u0131 \u00f6nemli oranda iyile\u015ftirdi. Ba\u015fvuru i\u00e7in gereken belge say\u0131s\u0131n\u0131 d\u00fc\u015f\u00fcrd\u00fc.<\/p>\n\n\n\n<p>&nbsp;Bizler de \u015fimdi hep birlikte diyoruz ki; &#8220;\u00c7al\u0131\u015fan\u0131n\u0131 i\u015ften \u00e7\u0131karma, istihdam\u0131n\u0131 koru, ihtiyac\u0131n olan kaynak K\u0131sa \u00c7al\u0131\u015fma \u00d6dene\u011finde&#8221; Faaliyetlerini durduran veya azaltan firmalar\u0131m\u0131z, 3 ay s\u00fcreyle \u00e7al\u0131\u015fanlar\u0131n\u0131n maa\u015flar\u0131n\u0131 buradan kar\u015f\u0131layabilir. T\u00fcm firmalar\u0131m\u0131z\u0131, bu imk\u00e2n\u0131 kullanmaya \u00e7a\u011f\u0131r\u0131yoruz. El ele verelim, bu zor g\u00fcnleri hep birlikte geride b\u0131rakal\u0131m. Allah hepimizin yard\u0131mc\u0131s\u0131&nbsp;olsun diyor, sizleri sayg\u0131yla selaml\u0131yoruz.\u201d<\/p>\n\n\n\n<br>\n\n\n\n<br>\n\n\n\n<br>\n\n\n\n<p><strong>Ortak bildiriye kat\u0131lan kurulu\u015flar:&nbsp;<\/strong><\/p>\n\n\n\n<p>ASKON,&nbsp;DE\u0130K,HAK-\u0130\u015e, KAG\u0130DER, MEMUR-SEN, M\u00dcS\u0130AD, OSB\u00dcK, T\u00dcMS\u0130AD, T\u00dcRKONFED, T\u00dcS\u0130AD, T\u00fcrk Veteriner Hekimler Birli\u011fi, TBB, T\u00dcED, TESKOMB, TESK, T\u00dcG\u0130AD, T\u00dcG\u0130K, T\u0130M, T\u0130KAD, T\u00dcRK-\u0130\u015f, T\u0130SK, KAMU-SEN, TMB, &nbsp;T\u00fcrkiye Noterler Birli\u011fi, TOBB, TOBB Kad\u0131n Giri\u015fimciler Kurulu, TOBB Gen\u00e7 Giri\u015fimciler Kurulu, T\u00dcRSAB, &nbsp;YASED<\/p>\n","protected":false},"excerpt":{"rendered":"<p>Telekonferans y\u00f6ntemiyle TOBB \u00f6nc\u00fcl\u00fc\u011f\u00fcnde T\u00fcrkiye&#8217;nin \u00f6nde gelen meslek \u00f6rg\u00fct\u00fc, sendika konfederasyonlar\u0131 ve sivil toplum \u00f6rg\u00fctleri, t\u00fcm d\u00fcnyada oldu\u011fu gibi T\u00fcrkiye\u2019de de etkili olan yeni tip korona vir\u00fcse (Kovid-19) kar\u015f\u0131 y\u00fcr\u00fct\u00fclen m\u00fccadele s\u00fcrecine ili\u015fkin ortak a\u00e7\u0131klama yapt\u0131lar.\u200b \u00c7al\u0131\u015fan\u0131n\u0131 i\u015ften \u00e7\u0131karma, istihdam\u0131n\u0131 koru\u2026 TOBB Ba\u015fkan\u0131 M.Rifat Hisarc\u0131kl\u0131o\u011flu&#8217;nun okudu\u011fu ortak a\u00e7\u0131klama \u015f\u00f6yle: &nbsp;\u201c\u015eu an d\u00fcnyan\u0131n neredeyse tamam\u0131, son [&hellip;]<\/p>\n","protected":false},"author":1,"featured_media":2315,"comment_status":"closed","ping_status":"closed","sticky":false,"template":"","format":"standard","meta":{"_jetpack_memberships_contains_paid_content":false,"footnotes":""},"categories":[38],"tags":[],"class_list":["post-2243","post","type-post","status-publish","format-standard","has-post-thumbnail","hentry","category-haberler"],"jetpack_sharing_enabled":true,"jetpack_featured_media_url":"https:\/\/elazigtso.org.tr\/tr\/wp-content\/uploads\/2023\/03\/WhatsApp-Image-2023-03-13-at-14.29.18.jpeg","_links":{"self":[{"href":"https:\/\/elazigtso.org.tr\/tr\/index.php\/wp-json\/wp\/v2\/posts\/2243","targetHints":{"allow":["GET"]}}],"collection":[{"href":"https:\/\/elazigtso.org.tr\/tr\/index.php\/wp-json\/wp\/v2\/posts"}],"about":[{"href":"https:\/\/elazigtso.org.tr\/tr\/index.php\/wp-json\/wp\/v2\/types\/post"}],"author":[{"embeddable":true,"href":"https:\/\/elazigtso.org.tr\/tr\/index.php\/wp-json\/wp\/v2\/users\/1"}],"replies":[{"embeddable":true,"href":"https:\/\/elazigtso.org.tr\/tr\/index.php\/wp-json\/wp\/v2\/comments?post=2243"}],"version-history":[{"count":5,"href":"https:\/\/elazigtso.org.tr\/tr\/index.php\/wp-json\/wp\/v2\/posts\/2243\/revisions"}],"predecessor-version":[{"id":2345,"href":"https:\/\/elazigtso.org.tr\/tr\/index.php\/wp-json\/wp\/v2\/posts\/2243\/revisions\/2345"}],"wp:featuredmedia":[{"embeddable":true,"href":"https:\/\/elazigtso.org.tr\/tr\/index.php\/wp-json\/wp\/v2\/media\/2315"}],"wp:attachment":[{"href":"https:\/\/elazigtso.org.tr\/tr\/index.php\/wp-json\/wp\/v2\/media?parent=2243"}],"wp:term":[{"taxonomy":"category","embeddable":true,"href":"https:\/\/elazigtso.org.tr\/tr\/index.php\/wp-json\/wp\/v2\/categories?post=2243"},{"taxonomy":"post_tag","embeddable":true,"href":"https:\/\/elazigtso.org.tr\/tr\/index.php\/wp-json\/wp\/v2\/tags?post=2243"}],"curies":[{"name":"wp","href":"https:\/\/api.w.org\/{rel}","templated":true}]}}