{"id":2131,"date":"2020-03-18T11:20:00","date_gmt":"2020-03-18T08:20:00","guid":{"rendered":"http:\/\/elazigtso.com\/tr\/?p=2131"},"modified":"2023-07-21T14:03:30","modified_gmt":"2023-07-21T11:03:30","slug":"elazig-tsoun-corona-virusun-is-dunyasina-etkileri-ve-talepler-raporu-tobbye-sunuldu","status":"publish","type":"post","link":"https:\/\/elazigtso.org.tr\/tr\/index.php\/2020\/03\/18\/elazig-tsoun-corona-virusun-is-dunyasina-etkileri-ve-talepler-raporu-tobbye-sunuldu\/","title":{"rendered":"Elaz\u0131\u011f TSO\u2019un \u201cCorona Vir\u00fcs\u201d\u00fcn \u0130\u015f D\u00fcnyas\u0131na Etkileri ve Talepler Raporu TOBB\u2019ye Sunuldu"},"content":{"rendered":"\n<p><strong>Taleplerimizin \u0130vedi Olarak Kar\u015f\u0131lanmas\u0131n\u0131 Bekliyoruz\u2026<\/strong><\/p>\n\n\n\n<p>Haz\u0131rlanan rapor hakk\u0131nda bir de\u011ferlendirmede bulunan Elaz\u0131\u011f TSO Y\u00f6netim Kurulu Ba\u015fkan\u0131 Asilhan Arslan, i\u015f d\u00fcnyas\u0131n\u0131n ya\u015fanan krizden en az hasarla \u00e7\u0131kmas\u0131 i\u00e7in \u00f6nerilerinin ilgili kurumlar taraf\u0131ndan de\u011ferlendirilmesini beklediklerini ifade etti.<\/p>\n\n\n\n<p>Ba\u015fkan Arslan de\u011ferlendirmesinde, \u201cTOBB taraf\u0131ndan \u00fclke genelindeki t\u00fcm i\u015fletmelerin corona vir\u00fcsten etkilenmesiyle ilgili bir rapor haz\u0131rlamaktad\u0131r. Bu rapor do\u011frultusunda Say\u0131n Cumhurba\u015fkan\u0131m\u0131za ve ekonomiyle ilgili t\u00fcm kurumlara ortak bir rapor olu\u015fturma \u00e7al\u0131\u015fmas\u0131 yap\u0131lmaktad\u0131r. Odam\u0131z taraf\u0131ndan da ilimizde bu krizden etkilenen sekt\u00f6rler ve beklentilerimizi i\u00e7eren bir rapor haz\u0131rlanm\u0131\u015f ve TOBB\u2019ye sunulmu\u015ftur. D\u00fcnya \u00e7ok \u00f6nemli bir kriz s\u00fcrecinden ge\u00e7mektedir. Bu s\u00fcrecin \u00fclkemiz ekonomisine etkilerinin en aza indirilmesi i\u00e7in Say\u0131n Cumhurba\u015fkan\u0131m\u0131z taraf\u0131ndan bir Torba Kanunla \u00f6nlemler ve destekler paketi haz\u0131rlanmaktad\u0131r. Bu \u00e7al\u0131\u015fmaya katk\u0131 sa\u011flamak ve i\u015f d\u00fcnyas\u0131n\u0131n taleplerinin iletilmesi i\u00e7in TOBB taraf\u0131ndan haz\u0131rlanan raporumuz d\u00fcn itibar\u0131 ile tamamlanm\u0131\u015ft\u0131r. \u0130\u015f d\u00fcnyas\u0131n\u0131n taleplerini i\u00e7eren bu raporumuzun Say\u0131n Cumhurba\u015fkan\u0131m\u0131z taraf\u0131ndan dikkate al\u0131naca\u011f\u0131n\u0131 ve i\u015f d\u00fcnyas\u0131n\u0131 rahatlatacak \u015fekilde k\u0131sa s\u00fcre i\u00e7inde kamuoyu ile payla\u015f\u0131laca\u011f\u0131n\u0131 beklemekteyiz.<\/p>\n\n\n\n<p>\u0130limiz ekonomisi deprem nedeniyle zaten \u00e7ok zor g\u00fcnler ge\u00e7irdi\u011fi bir d\u00f6nemde bir de corona vir\u00fcs etkisi ile sars\u0131lm\u0131\u015ft\u0131r. Odam\u0131z taraf\u0131ndan haz\u0131rlanan bu raporumuzda vir\u00fcs nedeniyle al\u0131nan tedbirler kapsam\u0131nda en fazla etkilenen sekt\u00f6rler \u00f6ncelikli olarak de\u011ferlendirilmi\u015ftir. TOBB taraf\u0131ndan sorun ve taleplerin 3 madde de s\u0131n\u0131rland\u0131r\u0131lm\u0131\u015f olmas\u0131 da g\u00f6z \u00f6n\u00fcnde bulundurularak raporumuz olu\u015fturulmu\u015ftur.<\/p>\n\n\n\n<p>Ben bu vesile ile, t\u00fcm i\u015fletmelerimizin ve halk\u0131m\u0131z\u0131n al\u0131nana tedbirlere ve uyar\u0131lara mutlak suretle uymalar\u0131 bu ge\u00e7i\u015f s\u00fcrecinde daha b\u00fcy\u00fck felaketler ya\u015famadan bu s\u00fcrecin atlat\u0131lmas\u0131na katk\u0131 sa\u011flamalar\u0131n\u0131 \u00f6nemle istirham ediyorum\u201d ifadelerinde bulundu.<\/p>\n\n\n\n<p><\/p>\n\n\n\n<p><\/p>\n\n\n\n<br>\n\n\n\n<br>\n\n\n\n<p><\/p>\n\n\n\n<br>\n\n\n\n<br>\n\n\n\n<p><\/p>\n\n\n\n<p><strong>Elaz\u0131\u011f TSO Taraf\u0131ndan Haz\u0131rlanan Rapor:<\/strong><\/p>\n\n\n\n<figure class=\"wp-block-table\"><table><tbody><tr><td><strong>Sorun (Etkilenen Sekt\u00f6rler)<\/strong><\/td><td><strong>\u00c7\u00f6z\u00fcm \u00d6nerisi<\/strong><\/td><\/tr><tr><td><strong>H\u0130ZMET SEKT\u00d6R\u00dc&nbsp;<\/strong>(Sinema, G\u00f6steri Merkezleri, Konser Salonlar\u0131, M\u00fczik ve Ses Sistemi Kuran \u0130\u015fletmeler, Organizat\u00f6r Firmalar, Kafeler, K\u0131r Bah\u00e7eleri, D\u00fc\u011f\u00fcn Solanlar\u0131, \u00c7ay Bah\u00e7eleri, Y\u00fczme Havuzlar\u0131, SPA ve Spor Merkezleri vb)<\/td><td>Hizmetler sekt\u00f6r\u00fcnde faaliyet g\u00f6steren i\u015fletmelerin istihdam kayb\u0131 veya iflaslar\u0131n\u0131n \u00f6n\u00fcne ge\u00e7mek i\u00e7in bu sekt\u00f6rlerde i\u015ftigal eden i\u015fyerlerine 1 y\u0131l \u00f6demesiz 0 faizli 36 ay \u00f6demeli \u00e7al\u0131\u015fan say\u0131s\u0131na g\u00f6re 100-300 bin TL kredi sa\u011flanmas\u0131. Sekt\u00f6rde istihdam edilenlerin 3-6 ay boyunca SGK i\u015fveren pay\u0131n\u0131n devlet taraf\u0131ndan kar\u015f\u0131lanmas\u0131. \u0130\u015fverenlerin ise t\u00fcm vergilerden 3-6 ay boyunca muaf tutulmas\u0131 veya \u00f6telenmesi.<\/td><\/tr><tr><td><strong>AVM\u2019ler&nbsp;<\/strong>(Al\u0131\u015fveri\u015f merkezleri, \u0130\u015fhanlar\u0131, pasajlar gibi t\u00fcm kapal\u0131 alanlarda toplu hizmet veren i\u015fyerleri) <strong>\u0130HRACAT\u00c7I F\u0130RMALARIN KAYIPLARI<\/strong>&nbsp;(\u0130limizde \u00f6zellikle mermercilik sekt\u00f6r\u00fcnde imalat yapan firmalar ba\u015fta olmak \u00fczere, g\u0131da, mobilya, makine, d\u00f6k\u00fcm, tekstil vb. sekt\u00f6rlerimiz ulusal ve uluslararas\u0131 d\u00fczeyde yap\u0131lacak fuarlara Corona Vir\u00fcs\u00fc nedeniyle kat\u0131lamamas\u0131 ciddi manada Pazar kayb\u0131na neden olmu\u015ftur.)<\/td><td>Corona Vir\u00fcs nedeniyle kapal\u0131 mekanlarda vatanda\u015flar\u0131n al\u0131\u015f-veri\u015f yapmas\u0131, zaman ge\u00e7irmesi ve ihtiya\u00e7lar\u0131n\u0131 kar\u015f\u0131lamas\u0131 bu s\u00fcre\u00e7te %80 kayba u\u011fram\u0131\u015f veya u\u011frayacakt\u0131r. Bu nedenle kapal\u0131 mekanlarda hizmet verdi\u011fini (Ticaret Sicil Gazetesi) belgeleyen t\u00fcm i\u015fyerlerine; 1 y\u0131l \u00f6demesiz 0 faizli 36 ay \u00f6demeli \u00e7al\u0131\u015fan say\u0131s\u0131na g\u00f6re 100-300 bin TL kredi sa\u011flanmas\u0131. Sekt\u00f6rde istihdam edilenlerin 3-6 ay boyunca SGK i\u015fveren pay\u0131n\u0131n devlet taraf\u0131ndan kar\u015f\u0131lanmas\u0131. \u0130\u015fverenlerin ise t\u00fcm vergilerden 3-6 ay boyunca muaf tutulmas\u0131 veya \u00f6telenmesi. \u0130hracat\u00e7\u0131 firmalara y\u00f6nelik olarak Eximbank \u00fczerinden ihracat nakdi desteklerinin 2020 y\u0131l\u0131 boyunca k\u0131s\u0131tlama olmaks\u0131z\u0131n verilmesi.<\/td><\/tr><tr><td><strong>E\u011e\u0130T\u0130M VE TUR\u0130ZM SEKT\u00d6R\u00dc&nbsp;<\/strong>(\u00d6zel Kre\u015fler, \u00d6zel Anaokullar\u0131, Et\u00fcd Merkezleri, \u00dcniversite ve KPSS ile S\u00fcr\u00fcc\u00fc Kurslar\u0131 hizmeti verenler, Oteller, Tur Firmalar\u0131, \u015eehirleraras\u0131 Otob\u00fcs Firmalar\u0131, Turizm Tesisleri vb)<\/td><td>Bu sekt\u00f6rlerde sekt\u00f6r\u00fcnde faaliyet g\u00f6steren i\u015fletmelerin istihdam kayb\u0131 veya iflaslar\u0131n\u0131n \u00f6n\u00fcne ge\u00e7mek i\u00e7in bu sekt\u00f6rlerde i\u015ftigal eden i\u015fyerlerine 1 y\u0131l \u00f6demesiz 0 faizli 36 ay \u00f6demeli \u00e7al\u0131\u015fan say\u0131s\u0131na g\u00f6re 100-300 bin TL kredi sa\u011flanmas\u0131. Sekt\u00f6rde istihdam edilenlerin 3-6 ay boyunca SGK i\u015fveren pay\u0131n\u0131n devlet taraf\u0131ndan kar\u015f\u0131lanmas\u0131. \u0130\u015fverenlerin ise t\u00fcm vergilerden 3-6 ay boyunca muaf tutulmas\u0131 veya \u00f6telenmesi.<\/td><\/tr><\/tbody><\/table><\/figure>\n","protected":false},"excerpt":{"rendered":"<p>Taleplerimizin \u0130vedi Olarak Kar\u015f\u0131lanmas\u0131n\u0131 Bekliyoruz\u2026 Haz\u0131rlanan rapor hakk\u0131nda bir de\u011ferlendirmede bulunan Elaz\u0131\u011f TSO Y\u00f6netim Kurulu Ba\u015fkan\u0131 Asilhan Arslan, i\u015f d\u00fcnyas\u0131n\u0131n ya\u015fanan krizden en az hasarla \u00e7\u0131kmas\u0131 i\u00e7in \u00f6nerilerinin ilgili kurumlar taraf\u0131ndan de\u011ferlendirilmesini beklediklerini ifade etti. Ba\u015fkan Arslan de\u011ferlendirmesinde, \u201cTOBB taraf\u0131ndan \u00fclke genelindeki t\u00fcm i\u015fletmelerin corona vir\u00fcsten etkilenmesiyle ilgili bir rapor haz\u0131rlamaktad\u0131r. Bu rapor do\u011frultusunda Say\u0131n [&hellip;]<\/p>\n","protected":false},"author":1,"featured_media":2315,"comment_status":"closed","ping_status":"closed","sticky":false,"template":"","format":"standard","meta":{"_jetpack_memberships_contains_paid_content":false,"footnotes":""},"categories":[38],"tags":[],"class_list":["post-2131","post","type-post","status-publish","format-standard","has-post-thumbnail","hentry","category-haberler"],"jetpack_sharing_enabled":true,"jetpack_featured_media_url":"https:\/\/elazigtso.org.tr\/tr\/wp-content\/uploads\/2023\/03\/WhatsApp-Image-2023-03-13-at-14.29.18.jpeg","_links":{"self":[{"href":"https:\/\/elazigtso.org.tr\/tr\/index.php\/wp-json\/wp\/v2\/posts\/2131","targetHints":{"allow":["GET"]}}],"collection":[{"href":"https:\/\/elazigtso.org.tr\/tr\/index.php\/wp-json\/wp\/v2\/posts"}],"about":[{"href":"https:\/\/elazigtso.org.tr\/tr\/index.php\/wp-json\/wp\/v2\/types\/post"}],"author":[{"embeddable":true,"href":"https:\/\/elazigtso.org.tr\/tr\/index.php\/wp-json\/wp\/v2\/users\/1"}],"replies":[{"embeddable":true,"href":"https:\/\/elazigtso.org.tr\/tr\/index.php\/wp-json\/wp\/v2\/comments?post=2131"}],"version-history":[{"count":14,"href":"https:\/\/elazigtso.org.tr\/tr\/index.php\/wp-json\/wp\/v2\/posts\/2131\/revisions"}],"predecessor-version":[{"id":2319,"href":"https:\/\/elazigtso.org.tr\/tr\/index.php\/wp-json\/wp\/v2\/posts\/2131\/revisions\/2319"}],"wp:featuredmedia":[{"embeddable":true,"href":"https:\/\/elazigtso.org.tr\/tr\/index.php\/wp-json\/wp\/v2\/media\/2315"}],"wp:attachment":[{"href":"https:\/\/elazigtso.org.tr\/tr\/index.php\/wp-json\/wp\/v2\/media?parent=2131"}],"wp:term":[{"taxonomy":"category","embeddable":true,"href":"https:\/\/elazigtso.org.tr\/tr\/index.php\/wp-json\/wp\/v2\/categories?post=2131"},{"taxonomy":"post_tag","embeddable":true,"href":"https:\/\/elazigtso.org.tr\/tr\/index.php\/wp-json\/wp\/v2\/tags?post=2131"}],"curies":[{"name":"wp","href":"https:\/\/api.w.org\/{rel}","templated":true}]}}