{"id":2128,"date":"2019-10-14T10:50:00","date_gmt":"2019-10-14T07:50:00","guid":{"rendered":"http:\/\/elazigtso.com\/tr\/?p=2128"},"modified":"2023-07-21T14:03:35","modified_gmt":"2023-07-21T11:03:35","slug":"tobbdan-dunyaya-baris-pinari-harekatini-anlatan-mektup","status":"publish","type":"post","link":"https:\/\/elazigtso.org.tr\/tr\/index.php\/2019\/10\/14\/tobbdan-dunyaya-baris-pinari-harekatini-anlatan-mektup\/","title":{"rendered":"TOBB\u2019dan d\u00fcnyaya &#8216;Bar\u0131\u015f P\u0131nar\u0131 Harekat\u0131&#8217;n\u0131 anlatan mektup"},"content":{"rendered":"\n<p>Bar\u0131\u015f P\u0131nar\u0131 Harekat\u0131&#8217;n\u0131n uluslararas\u0131 kurallara uygun ve me\u015fru bir operasyon oldu\u011funu d\u00fcnyaya anlatmak \u00fczere T\u00fcrkiye Odalar ve Borsalar Birli\u011fi (TOBB) Ba\u015fkan\u0131 M. Rifat Hisarc\u0131kl\u0131o\u011flu&#8217;nun imzas\u0131yla haz\u0131rlanan mektup, 190 \u00fclkedeki muadil i\u015f kurumlar\u0131na, 5 k\u0131tadaki en b\u00fcy\u00fck 7 i\u015f \u00f6rg\u00fct\u00fcne; Avrupa\u2019da Eurochambers, Asya\u2019da Asya-Pasifik Ticaret ve Sanayi Odalar\u0131 Konfederasyonu, \u0130slam Ticaret Sanayi Odas\u0131, Arap Odalar Birli\u011fi, Afrika\u2019da Afrika Odalar Birli\u011fi, Amerika\u2019da US Chambers ve Latin Amerikan Odalar Birli\u011fine g\u00f6nderilmeye ba\u015fland\u0131.\u200b<\/p>\n\n\n\n<p>Mektupta, harekat\u0131n amac\u0131n\u0131n hem \u00fclke s\u0131n\u0131rlar\u0131n\u0131n g\u00fcvenli\u011fini sa\u011flamak hem de b\u00f6lge \u00fclkeleri i\u00e7in tehdit olu\u015fturan ter\u00f6r koridorunu ortadan kald\u0131rmak oldu\u011fu, T\u00fcrkiye\u2019nin evrensel hukuk ve uluslararas\u0131 kurallardan do\u011fan hakk\u0131n\u0131 kulland\u0131\u011f\u0131 belirtildi.<\/p>\n\n\n\n<p>B\u00f6lgenin ter\u00f6r \u00f6rg\u00fctlerinden temizlenerek, Suriye halk\u0131n\u0131n ter\u00f6ristlerin bask\u0131 ve zulm\u00fcnden kurtar\u0131laca\u011f\u0131 ifade edilen mektupta, b\u00f6ylece b\u00f6lgede huzur, g\u00fcven ve bar\u0131\u015f ortam\u0131n\u0131n yeniden tesis edilece\u011fi vurguland\u0131.<\/p>\n\n\n\n<p>T\u00fcrkiye&#8217;nin ter\u00f6r \u00f6rg\u00fctlerine kar\u015f\u0131 m\u00fccadele etme kararl\u0131l\u0131\u011f\u0131n\u0131n tam oldu\u011fu belirtilerek, uluslararas\u0131 alanda bu \u00e7er\u00e7evede ortaya konulan \u00e7abalara ba\u015f\u0131ndan itibaren tam destek verildi\u011finin alt\u0131 \u00e7izildi.<\/p>\n\n\n\n<p>Daha \u00f6nce F\u0131rat Kalkan\u0131 ve Zeytin Dal\u0131 harekatlar\u0131 ile DEA\u015e ve PYD\/YPG ter\u00f6r\u00fc ile ba\u015far\u0131l\u0131 bir \u015fekilde m\u00fccadele edildi\u011fi ifade edilerek, T\u00fcrkiye s\u0131n\u0131rlar\u0131na y\u00f6nelik Suriye kaynakl\u0131 ter\u00f6r tehdidinin sona ermedi\u011fi, \u00f6zellikle F\u0131rat\u2019\u0131n do\u011fusunda s\u0131n\u0131r\u0131n \u00f6tesinde konu\u015flu PYD\/YPG ter\u00f6r \u00f6rg\u00fct\u00fc unsurlar\u0131nca taciz ve hasmane eylemlerin s\u00fcrd\u00fc\u011f\u00fc kaydedildi.<\/p>\n\n\n\n<p>B\u00f6lgedeki PYD\/YPG&#8217;nin ter\u00f6r faaliyetleri ile s\u00f6z konusu \u00f6rg\u00fct\u00fcn DEA\u015e\u2019l\u0131 militanlarla kar\u015f\u0131l\u0131kl\u0131 menfaat ili\u015fkilerine de yer verilerek b\u00f6lgedeki olu\u015fumlar ayr\u0131nt\u0131l\u0131 anlat\u0131ld\u0131.<\/p>\n\n\n\n<ul class=\"wp-block-list\">\n<li>T\u00fcrkiye me\u015fru m\u00fcdafaa hakk\u0131n\u0131 kullan\u0131yor Mektupta ayr\u0131ca, T\u00fcrkiye\u2019nin evrensel hukuk ve uluslararas\u0131 kurallardan do\u011fan hakk\u0131n\u0131 kulland\u0131\u011f\u0131, harekat\u0131n, Birle\u015fmi\u015f Milletler G\u00fcvelik Konseyi ter\u00f6rle m\u00fccadele kararlar\u0131 ile BM S\u00f6zle\u015fmesi\u2019nde yer alan me\u015fru m\u00fcdafaa hakk\u0131 \u00e7er\u00e7evesinde ba\u015flat\u0131ld\u0131\u011f\u0131na yer verildi. Harekat\u0131n Suriye\u2019nin toprak b\u00fct\u00fcnl\u00fc\u011f\u00fc ve birli\u011fine sayg\u0131 temelinde y\u00fcr\u00fct\u00fcld\u00fc\u011f\u00fcne dikkat \u00e7ekilen mektupta, &#8220;Daha \u00f6nceki harekatlarda oldu\u011fu gibi, bu harekat\u0131n planlama ve icras\u0131nda da sadece bahse konu ter\u00f6r unsurlar\u0131 ile bu unsurlara ait bar\u0131nak, s\u0131\u011f\u0131nak, mevzi, silah, ara\u00e7 ve gere\u00e7 hedef al\u0131nmakta olup sivil halk\u0131n zarar g\u00f6rmemesi i\u00e7in gereken her t\u00fcrl\u00fc tedbir al\u0131nmaktad\u0131r. M\u00fcttefiklerimize ait \u00fcs ve g\u00f6zlem noktalar\u0131 hedef de\u011fildir. Askeri ayr\u0131\u015ft\u0131rma kanallar\u0131 a\u00e7\u0131k ve i\u015fler haldedir&#8221; ifadeleri kullan\u0131ld\u0131. T\u00fcrkiye\u2019nin ter\u00f6rle m\u00fccadeleye d\u00f6n\u00fck \u00e7abalar\u0131n\u0131n Suriye\u2019nin toprak b\u00fct\u00fcnl\u00fc\u011f\u00fc ve birli\u011finin korunmas\u0131na da katk\u0131da bulunaca\u011f\u0131n\u0131n alt\u0131 \u00e7izilerek \u015funlar kaydedildi: &#8220;Suriye&#8217;de DEA\u015e&#8217;a kar\u015f\u0131 sahada g\u00f6\u011f\u00fcs g\u00f6\u011f\u00fcse m\u00fccadele veren tek \u00fclke olan T\u00fcrkiye i\u00e7in DEA\u015e tutuklular\u0131n\u0131n durumu b\u00fcy\u00fck \u00f6nem arz etmektedir. T\u00fcm yabanc\u0131 ter\u00f6rist sava\u015f\u00e7\u0131lar\u0131n men\u015fe \u00fclkelerince geri al\u0131nmas\u0131n\u0131n s\u00fcrd\u00fcr\u00fclebilir tek \u00e7\u00f6z\u00fcm oldu\u011funa inanmaktay\u0131z. Yabanc\u0131 ter\u00f6rist sava\u015f\u00e7\u0131lar sorunu ancak uluslararas\u0131 toplumun ortak \u00e7abalar\u0131yla \u00e7\u00f6z\u00fclebilir.&#8221;<\/li>\n<\/ul>\n","protected":false},"excerpt":{"rendered":"<p>Bar\u0131\u015f P\u0131nar\u0131 Harekat\u0131&#8217;n\u0131n uluslararas\u0131 kurallara uygun ve me\u015fru bir operasyon oldu\u011funu d\u00fcnyaya anlatmak \u00fczere T\u00fcrkiye Odalar ve Borsalar Birli\u011fi (TOBB) Ba\u015fkan\u0131 M. Rifat Hisarc\u0131kl\u0131o\u011flu&#8217;nun imzas\u0131yla haz\u0131rlanan mektup, 190 \u00fclkedeki muadil i\u015f kurumlar\u0131na, 5 k\u0131tadaki en b\u00fcy\u00fck 7 i\u015f \u00f6rg\u00fct\u00fcne; Avrupa\u2019da Eurochambers, Asya\u2019da Asya-Pasifik Ticaret ve Sanayi Odalar\u0131 Konfederasyonu, \u0130slam Ticaret Sanayi Odas\u0131, Arap Odalar Birli\u011fi, [&hellip;]<\/p>\n","protected":false},"author":1,"featured_media":2129,"comment_status":"closed","ping_status":"closed","sticky":false,"template":"","format":"standard","meta":{"_jetpack_memberships_contains_paid_content":false,"footnotes":""},"categories":[38],"tags":[],"class_list":["post-2128","post","type-post","status-publish","format-standard","has-post-thumbnail","hentry","category-haberler"],"jetpack_sharing_enabled":true,"jetpack_featured_media_url":"https:\/\/elazigtso.org.tr\/tr\/wp-content\/uploads\/2023\/03\/5DCwXJW9BO.jpeg","_links":{"self":[{"href":"https:\/\/elazigtso.org.tr\/tr\/index.php\/wp-json\/wp\/v2\/posts\/2128","targetHints":{"allow":["GET"]}}],"collection":[{"href":"https:\/\/elazigtso.org.tr\/tr\/index.php\/wp-json\/wp\/v2\/posts"}],"about":[{"href":"https:\/\/elazigtso.org.tr\/tr\/index.php\/wp-json\/wp\/v2\/types\/post"}],"author":[{"embeddable":true,"href":"https:\/\/elazigtso.org.tr\/tr\/index.php\/wp-json\/wp\/v2\/users\/1"}],"replies":[{"embeddable":true,"href":"https:\/\/elazigtso.org.tr\/tr\/index.php\/wp-json\/wp\/v2\/comments?post=2128"}],"version-history":[{"count":1,"href":"https:\/\/elazigtso.org.tr\/tr\/index.php\/wp-json\/wp\/v2\/posts\/2128\/revisions"}],"predecessor-version":[{"id":2130,"href":"https:\/\/elazigtso.org.tr\/tr\/index.php\/wp-json\/wp\/v2\/posts\/2128\/revisions\/2130"}],"wp:featuredmedia":[{"embeddable":true,"href":"https:\/\/elazigtso.org.tr\/tr\/index.php\/wp-json\/wp\/v2\/media\/2129"}],"wp:attachment":[{"href":"https:\/\/elazigtso.org.tr\/tr\/index.php\/wp-json\/wp\/v2\/media?parent=2128"}],"wp:term":[{"taxonomy":"category","embeddable":true,"href":"https:\/\/elazigtso.org.tr\/tr\/index.php\/wp-json\/wp\/v2\/categories?post=2128"},{"taxonomy":"post_tag","embeddable":true,"href":"https:\/\/elazigtso.org.tr\/tr\/index.php\/wp-json\/wp\/v2\/tags?post=2128"}],"curies":[{"name":"wp","href":"https:\/\/api.w.org\/{rel}","templated":true}]}}