{"id":10477,"date":"2026-08-17T14:48:01","date_gmt":"2026-08-17T11:48:01","guid":{"rendered":"https:\/\/elazigtso.org.tr\/tr\/?p=10477"},"modified":"2026-08-27T14:52:44","modified_gmt":"2026-08-27T11:52:44","slug":"ambalaj-ve-ambalaj-atiklari-tuzugu-hakkinda","status":"publish","type":"post","link":"https:\/\/elazigtso.org.tr\/tr\/index.php\/2026\/08\/17\/ambalaj-ve-ambalaj-atiklari-tuzugu-hakkinda\/","title":{"rendered":"Ambalaj ve Ambalaj At\u0131klar\u0131 T\u00fcz\u00fc\u011f\u00fc Hakk\u0131nda"},"content":{"rendered":"\n<p class=\"wp-block-paragraph\">Say\u0131n \u00dcyemiz,<br>TOBB taraf\u0131ndan Odam\u0131za g\u00f6nderilen yaz\u0131ya atfen, Ticaret Bakanl\u0131\u011f\u0131 taraf\u0131ndan Birli\u011fimize iletilen yaz\u0131da; Avrupa Birli\u011fi Ambalaj ve Ambalaj At\u0131klar\u0131 T\u00fcz\u00fc\u011f\u00fc (Packaging and Packaging Waste Regulation &#8211; PPWR) kapsam\u0131nda yer alan baz\u0131 h\u00fck\u00fcmlerin 12 A\u011fustos 2026 tarihi itibar\u0131yla uygulanmaya ba\u015fland\u0131\u011f\u0131 ifade edilmektedir.<br>S\u00f6z konusu T\u00fcz\u00fc\u011f\u00fcn uygulanmas\u0131na ili\u015fkin detayl\u0131 bilgi edinilmesini teminen, Avrupa Komisyonu taraf\u0131ndan yay\u0131mlanan Rehber Dok\u00fcman (Guidance) (<a href=\"https:\/\/eur-lex.europa.eu\/legalcontent\/EN\/TXT\/?uri=PI_COM%3AC%282026%293702&amp;qid=1780906186144\">https:\/\/eur-lex.europa.eu\/legalcontent\/EN\/TXT\/?uri=PI_COM%3AC%282026%293702&amp;qid=1780906186144<\/a>) ile 2026 y\u0131l\u0131 A\u011fustos ay\u0131nda g\u00fcncellenen S\u0131k\u00e7a Sorulan Sorular (FAQ) dok\u00fcman\u0131 (<a href=\"https:\/\/elazigtso.org.tr\/tr\/?page_id=10481\" data-type=\"page\" data-id=\"10481\">https:\/\/op.europa.eu\/en\/publication-detail\/-<br>\/publication\/ad14cb8f-8d4f-11f1-9262-01aa75ed71a1<\/a>) payla\u015f\u0131lmaktad\u0131r.<br>Bununla birlikte, Bakanl\u0131\u011fa y\u00f6neltilen sorular dikkate al\u0131narak, PPWR h\u00fck\u00fcmleri ile Avrupa Komisyonu<br>taraf\u0131ndan yay\u0131mlanan rehber dok\u00fcman ve FAQ esas al\u0131nmak suretiyle haz\u0131rlanan T\u00fcrk\u00e7e &#8220;S\u0131k\u00e7a Sorulan Sorular&#8221; dok\u00fcman\u0131 da ekte yer almaktad\u0131r.<\/p>\n\n\n\n<p class=\"wp-block-paragraph\"><a href=\"https:\/\/elazigtso.org.tr\/tr\/wp-content\/uploads\/2026\/08\/Ambalaj-ve-Ambalaj-Atiklari-Tuzugu-Hakkinda.pdf\">Ek: Ambalaj ve Ambalaj At\u0131klar\u0131 T\u00fcz\u00fc\u011f\u00fc Hakk\u0131nda<\/a><\/p>\n\n\n\n<p class=\"wp-block-paragraph\">Sayg\u0131lar\u0131m\u0131zla,<br>Elaz\u0131\u011f Ticaret ve Sanayi Odas\u0131<\/p>\n","protected":false},"excerpt":{"rendered":"<p>Say\u0131n \u00dcyemiz,TOBB taraf\u0131ndan Odam\u0131za g\u00f6nderilen yaz\u0131ya atfen, Ticaret Bakanl\u0131\u011f\u0131 taraf\u0131ndan Birli\u011fimize iletilen yaz\u0131da; Avrupa Birli\u011fi Ambalaj ve Ambalaj At\u0131klar\u0131 T\u00fcz\u00fc\u011f\u00fc (Packaging and Packaging Waste Regulation &#8211; PPWR) kapsam\u0131nda yer alan baz\u0131 h\u00fck\u00fcmlerin 12 A\u011fustos 2026 tarihi itibar\u0131yla uygulanmaya ba\u015fland\u0131\u011f\u0131 ifade edilmektedir.S\u00f6z konusu T\u00fcz\u00fc\u011f\u00fcn uygulanmas\u0131na ili\u015fkin detayl\u0131 bilgi edinilmesini teminen, Avrupa Komisyonu taraf\u0131ndan yay\u0131mlanan Rehber Dok\u00fcman [&hellip;]<\/p>\n","protected":false},"author":5,"featured_media":6585,"comment_status":"closed","ping_status":"closed","sticky":false,"template":"","format":"standard","meta":{"_jetpack_memberships_contains_paid_content":false,"footnotes":""},"categories":[3],"tags":[],"class_list":["post-10477","post","type-post","status-publish","format-standard","has-post-thumbnail","hentry","category-duyuru"],"jetpack_sharing_enabled":true,"jetpack_featured_media_url":"https:\/\/elazigtso.org.tr\/tr\/wp-content\/uploads\/2023\/11\/logo_news-80.jpg","_links":{"self":[{"href":"https:\/\/elazigtso.org.tr\/tr\/index.php\/wp-json\/wp\/v2\/posts\/10477","targetHints":{"allow":["GET"]}}],"collection":[{"href":"https:\/\/elazigtso.org.tr\/tr\/index.php\/wp-json\/wp\/v2\/posts"}],"about":[{"href":"https:\/\/elazigtso.org.tr\/tr\/index.php\/wp-json\/wp\/v2\/types\/post"}],"author":[{"embeddable":true,"href":"https:\/\/elazigtso.org.tr\/tr\/index.php\/wp-json\/wp\/v2\/users\/5"}],"replies":[{"embeddable":true,"href":"https:\/\/elazigtso.org.tr\/tr\/index.php\/wp-json\/wp\/v2\/comments?post=10477"}],"version-history":[{"count":1,"href":"https:\/\/elazigtso.org.tr\/tr\/index.php\/wp-json\/wp\/v2\/posts\/10477\/revisions"}],"predecessor-version":[{"id":10482,"href":"https:\/\/elazigtso.org.tr\/tr\/index.php\/wp-json\/wp\/v2\/posts\/10477\/revisions\/10482"}],"wp:featuredmedia":[{"embeddable":true,"href":"https:\/\/elazigtso.org.tr\/tr\/index.php\/wp-json\/wp\/v2\/media\/6585"}],"wp:attachment":[{"href":"https:\/\/elazigtso.org.tr\/tr\/index.php\/wp-json\/wp\/v2\/media?parent=10477"}],"wp:term":[{"taxonomy":"category","embeddable":true,"href":"https:\/\/elazigtso.org.tr\/tr\/index.php\/wp-json\/wp\/v2\/categories?post=10477"},{"taxonomy":"post_tag","embeddable":true,"href":"https:\/\/elazigtso.org.tr\/tr\/index.php\/wp-json\/wp\/v2\/tags?post=10477"}],"curies":[{"name":"wp","href":"https:\/\/api.w.org\/{rel}","templated":true}]}}