{"id":10474,"date":"2026-08-17T14:45:12","date_gmt":"2026-08-17T11:45:12","guid":{"rendered":"https:\/\/elazigtso.org.tr\/tr\/?p=10474"},"modified":"2026-08-27T14:47:18","modified_gmt":"2026-08-27T11:47:18","slug":"fuar-duyurusu-3","status":"publish","type":"post","link":"https:\/\/elazigtso.org.tr\/tr\/index.php\/2026\/08\/17\/fuar-duyurusu-3\/","title":{"rendered":"Fuar Duyurusu"},"content":{"rendered":"\n<p class=\"wp-block-paragraph\">Say\u0131n \u00dcyemiz,<br>TOBB taraf\u0131ndan Odam\u0131za g\u00f6nderilen yaz\u0131ya atfen, 27-30 A\u011fustos 2026 tarihlerinde Isparta&#8217;da &#8220;YapIsparta-1.Isparta \u0130n\u015faat Malzemeleri, Yap\u0131 ve Gayrimenkul Fuar\u0131&#8221; d\u00fczenlenecektir.<br>An\u0131lan fuar\u0131n, sekt\u00f6r temsilcileri aras\u0131nda ticari i\u015f birliklerinin geli\u015ftirilmesine, firmalar\u0131n yeni pazarlara<br>ula\u015fmas\u0131na ve sekt\u00f6r\u00fcn geli\u015fimine katk\u0131 sa\u011flamas\u0131 beklenmektedir.<br>Bu kapsamda, ekte detayl\u0131 bilgileri sunulan s\u00f6z konusu fuar\u0131n ilgili \u00fcyelerinize duyurulmas\u0131 konusunu rica ederim.<\/p>\n\n\n\n<p class=\"wp-block-paragraph\"><a href=\"https:\/\/elazigtso.org.tr\/tr\/wp-content\/uploads\/2026\/08\/Fuar-Duyurusu.pdf\">Ek: Fuar Duyurusu<\/a><\/p>\n\n\n\n<p class=\"wp-block-paragraph\">Sayg\u0131lar\u0131m\u0131zla,<br>Elaz\u0131\u011f Ticaret ve Sanayi Odas\u0131<\/p>\n","protected":false},"excerpt":{"rendered":"<p>Say\u0131n \u00dcyemiz,TOBB taraf\u0131ndan Odam\u0131za g\u00f6nderilen yaz\u0131ya atfen, 27-30 A\u011fustos 2026 tarihlerinde Isparta&#8217;da &#8220;YapIsparta-1.Isparta \u0130n\u015faat Malzemeleri, Yap\u0131 ve Gayrimenkul Fuar\u0131&#8221; d\u00fczenlenecektir.An\u0131lan fuar\u0131n, sekt\u00f6r temsilcileri aras\u0131nda ticari i\u015f birliklerinin geli\u015ftirilmesine, firmalar\u0131n yeni pazarlaraula\u015fmas\u0131na ve sekt\u00f6r\u00fcn geli\u015fimine katk\u0131 sa\u011flamas\u0131 beklenmektedir.Bu kapsamda, ekte detayl\u0131 bilgileri sunulan s\u00f6z konusu fuar\u0131n ilgili \u00fcyelerinize duyurulmas\u0131 konusunu rica ederim. Ek: Fuar Duyurusu Sayg\u0131lar\u0131m\u0131zla,Elaz\u0131\u011f [&hellip;]<\/p>\n","protected":false},"author":5,"featured_media":6585,"comment_status":"closed","ping_status":"closed","sticky":false,"template":"","format":"standard","meta":{"_jetpack_memberships_contains_paid_content":false,"footnotes":""},"categories":[3],"tags":[],"class_list":["post-10474","post","type-post","status-publish","format-standard","has-post-thumbnail","hentry","category-duyuru"],"jetpack_sharing_enabled":true,"jetpack_featured_media_url":"https:\/\/elazigtso.org.tr\/tr\/wp-content\/uploads\/2023\/11\/logo_news-80.jpg","_links":{"self":[{"href":"https:\/\/elazigtso.org.tr\/tr\/index.php\/wp-json\/wp\/v2\/posts\/10474","targetHints":{"allow":["GET"]}}],"collection":[{"href":"https:\/\/elazigtso.org.tr\/tr\/index.php\/wp-json\/wp\/v2\/posts"}],"about":[{"href":"https:\/\/elazigtso.org.tr\/tr\/index.php\/wp-json\/wp\/v2\/types\/post"}],"author":[{"embeddable":true,"href":"https:\/\/elazigtso.org.tr\/tr\/index.php\/wp-json\/wp\/v2\/users\/5"}],"replies":[{"embeddable":true,"href":"https:\/\/elazigtso.org.tr\/tr\/index.php\/wp-json\/wp\/v2\/comments?post=10474"}],"version-history":[{"count":1,"href":"https:\/\/elazigtso.org.tr\/tr\/index.php\/wp-json\/wp\/v2\/posts\/10474\/revisions"}],"predecessor-version":[{"id":10476,"href":"https:\/\/elazigtso.org.tr\/tr\/index.php\/wp-json\/wp\/v2\/posts\/10474\/revisions\/10476"}],"wp:featuredmedia":[{"embeddable":true,"href":"https:\/\/elazigtso.org.tr\/tr\/index.php\/wp-json\/wp\/v2\/media\/6585"}],"wp:attachment":[{"href":"https:\/\/elazigtso.org.tr\/tr\/index.php\/wp-json\/wp\/v2\/media?parent=10474"}],"wp:term":[{"taxonomy":"category","embeddable":true,"href":"https:\/\/elazigtso.org.tr\/tr\/index.php\/wp-json\/wp\/v2\/categories?post=10474"},{"taxonomy":"post_tag","embeddable":true,"href":"https:\/\/elazigtso.org.tr\/tr\/index.php\/wp-json\/wp\/v2\/tags?post=10474"}],"curies":[{"name":"wp","href":"https:\/\/api.w.org\/{rel}","templated":true}]}}