{"id":10471,"date":"2026-08-14T14:38:28","date_gmt":"2026-08-14T11:38:28","guid":{"rendered":"https:\/\/elazigtso.org.tr\/tr\/?p=10471"},"modified":"2026-08-27T14:43:41","modified_gmt":"2026-08-27T11:43:41","slug":"helal-expo-ve-12-dunya-helal-zirvesi","status":"publish","type":"post","link":"https:\/\/elazigtso.org.tr\/tr\/index.php\/2026\/08\/14\/helal-expo-ve-12-dunya-helal-zirvesi\/","title":{"rendered":"Helal Expo ve 12. D\u00fcnya Helal Zirvesi"},"content":{"rendered":"\n<p class=\"wp-block-paragraph\">Say\u0131n \u00dcyemiz,<br>TOBB taraf\u0131ndan Odam\u0131za g\u00f6nderilen yaz\u0131ya atfen, Helal Akreditasyon Kurumu taraf\u0131ndan Birli\u011fimize iletilen yaz\u0131s\u0131nda; &#8220;S\u00fcrd\u00fcr\u00fclebilir Helal Ekonomi: \u0130sraf\u0131 \u00d6nlemek, B\u00fcy\u00fcmeyi Te\u015fvik&#8221; temas\u0131yla d\u00fczenlenecek Helal Expo ile 12. D\u00fcnya Helal Zirvesi&#8217;nin, 25-28 Kas\u0131m 2026 tarihleri aras\u0131nda \u0130stanbul Fuar Merkezi&#8217;nde ger\u00e7ekle\u015ftirilece\u011fi belirtilmi\u015ftir.<br>Bu kapsamda, s\u00f6z konusu fuar ve zirveye ili\u015fkin tan\u0131t\u0131m materyali, bro\u015f\u00fcr ve duyuru metni ekte iletilmekte olup, etkinli\u011fe kat\u0131l\u0131m sa\u011flanmas\u0131nda fayda g\u00f6r\u00fcld\u00fc\u011f\u00fc ifade edilmektedir.<\/p>\n\n\n\n<p class=\"wp-block-paragraph\"><a href=\"https:\/\/elazigtso.org.tr\/tr\/wp-content\/uploads\/2026\/08\/Helal-Expo-ve-12.-Dunya-Helal-Zirvesi.pdf\">Ek: Helal Expo ve 12. D\u00fcnya Helal Zirvesi<\/a><\/p>\n\n\n\n<p class=\"wp-block-paragraph\">Sayg\u0131lar\u0131m\u0131zla,<br>Elaz\u0131\u011f Ticaret ve Sanayi Odas\u0131<\/p>\n","protected":false},"excerpt":{"rendered":"<p>Say\u0131n \u00dcyemiz,TOBB taraf\u0131ndan Odam\u0131za g\u00f6nderilen yaz\u0131ya atfen, Helal Akreditasyon Kurumu taraf\u0131ndan Birli\u011fimize iletilen yaz\u0131s\u0131nda; &#8220;S\u00fcrd\u00fcr\u00fclebilir Helal Ekonomi: \u0130sraf\u0131 \u00d6nlemek, B\u00fcy\u00fcmeyi Te\u015fvik&#8221; temas\u0131yla d\u00fczenlenecek Helal Expo ile 12. D\u00fcnya Helal Zirvesi&#8217;nin, 25-28 Kas\u0131m 2026 tarihleri aras\u0131nda \u0130stanbul Fuar Merkezi&#8217;nde ger\u00e7ekle\u015ftirilece\u011fi belirtilmi\u015ftir.Bu kapsamda, s\u00f6z konusu fuar ve zirveye ili\u015fkin tan\u0131t\u0131m materyali, bro\u015f\u00fcr ve duyuru metni ekte iletilmekte [&hellip;]<\/p>\n","protected":false},"author":5,"featured_media":6585,"comment_status":"closed","ping_status":"closed","sticky":false,"template":"","format":"standard","meta":{"_jetpack_memberships_contains_paid_content":false,"footnotes":""},"categories":[3],"tags":[],"class_list":["post-10471","post","type-post","status-publish","format-standard","has-post-thumbnail","hentry","category-duyuru"],"jetpack_sharing_enabled":true,"jetpack_featured_media_url":"https:\/\/elazigtso.org.tr\/tr\/wp-content\/uploads\/2023\/11\/logo_news-80.jpg","_links":{"self":[{"href":"https:\/\/elazigtso.org.tr\/tr\/index.php\/wp-json\/wp\/v2\/posts\/10471","targetHints":{"allow":["GET"]}}],"collection":[{"href":"https:\/\/elazigtso.org.tr\/tr\/index.php\/wp-json\/wp\/v2\/posts"}],"about":[{"href":"https:\/\/elazigtso.org.tr\/tr\/index.php\/wp-json\/wp\/v2\/types\/post"}],"author":[{"embeddable":true,"href":"https:\/\/elazigtso.org.tr\/tr\/index.php\/wp-json\/wp\/v2\/users\/5"}],"replies":[{"embeddable":true,"href":"https:\/\/elazigtso.org.tr\/tr\/index.php\/wp-json\/wp\/v2\/comments?post=10471"}],"version-history":[{"count":1,"href":"https:\/\/elazigtso.org.tr\/tr\/index.php\/wp-json\/wp\/v2\/posts\/10471\/revisions"}],"predecessor-version":[{"id":10473,"href":"https:\/\/elazigtso.org.tr\/tr\/index.php\/wp-json\/wp\/v2\/posts\/10471\/revisions\/10473"}],"wp:featuredmedia":[{"embeddable":true,"href":"https:\/\/elazigtso.org.tr\/tr\/index.php\/wp-json\/wp\/v2\/media\/6585"}],"wp:attachment":[{"href":"https:\/\/elazigtso.org.tr\/tr\/index.php\/wp-json\/wp\/v2\/media?parent=10471"}],"wp:term":[{"taxonomy":"category","embeddable":true,"href":"https:\/\/elazigtso.org.tr\/tr\/index.php\/wp-json\/wp\/v2\/categories?post=10471"},{"taxonomy":"post_tag","embeddable":true,"href":"https:\/\/elazigtso.org.tr\/tr\/index.php\/wp-json\/wp\/v2\/tags?post=10471"}],"curies":[{"name":"wp","href":"https:\/\/api.w.org\/{rel}","templated":true}]}}