{"id":10469,"date":"2026-08-26T14:33:41","date_gmt":"2026-08-26T11:33:41","guid":{"rendered":"https:\/\/elazigtso.org.tr\/tr\/?p=10469"},"modified":"2026-08-27T14:38:00","modified_gmt":"2026-08-27T11:38:00","slug":"balkan-is-forumu","status":"publish","type":"post","link":"https:\/\/elazigtso.org.tr\/tr\/index.php\/2026\/08\/26\/balkan-is-forumu\/","title":{"rendered":"Balkan \u0130\u015f Forumu"},"content":{"rendered":"\n<p class=\"wp-block-paragraph\">Say\u0131n \u00dcyemiz,<br>TOBB taraf\u0131ndan Odam\u0131za g\u00f6nderilen yaz\u0131ya atfen, Birli\u011fimize iletilen Ticaret Bakanl\u0131\u011f\u0131n\u0131n 21.08.2026 tarihli ve 00125537067 say\u0131l\u0131 yaz\u0131s\u0131nda; \u0130lgide kay\u0131tl\u0131 yaz\u0131da Arnavutluk T\u00fcrkiye Ticaret ve Sanayi Odas\u0131 (ATTSO) taraf\u0131ndan 9 Ekim 2026 tarihinde Arnavutluk&#8217;un ba\u015fkenti Tiran&#8217;daki Kongre Saray\u0131&#8217;nda, Arnavutluk, T\u00fcrkiye, Kosova, Kuzey Makedonya ve Karada\u011f&#8217;da yerle\u015fik firma ve sekt\u00f6r kurulu\u015flar\u0131na y\u00f6nelik olarak &#8220;Balkan \u0130\u015f Forumu&#8221;nun d\u00fczenlenece\u011fi belirtilmekte olup, s\u00f6z konusu forum kapsam\u0131nda h\u0131zl\u0131 t\u00fcketim, konaklama, gastronomi, in\u015faat, tar\u0131m, g\u00fcne\u015f enerjisi, y\u00fck ta\u015f\u0131mac\u0131l\u0131\u011f\u0131, madencilik ve mobilya gibi sekt\u00f6rlerin ele al\u0131naca\u011f\u0131, B2B g\u00f6r\u00fc\u015fmeleri ile networking etkinliklerinin ger\u00e7ekle\u015ftirilece\u011fi, ayr\u0131ca etkinlik alan\u0131nda 12 metrekarelik yakla\u015f\u0131k 50 stant ile m\u00fcstakil g\u00f6r\u00fc\u015fme masalar\u0131n\u0131n kurulaca\u011f\u0131, stant bedelinin ise \u00fclkedeki ortalama rayice uygun \u015fekilde 1.790 Avro olarak belirlendi\u011fi bildirilmektedir.<br>Fuara dair detayl\u0131 bilgilere <a href=\"mailto:info@attso.al\">info@attso.al<\/a> mail adresinden ya da +355 69 60 76 550 telefon numaras\u0131 \u00fczerinden ula\u015f\u0131labilece\u011fi iletilmektedir.<\/p>\n\n\n\n<p class=\"wp-block-paragraph\">Sayg\u0131lar\u0131m\u0131zla,<br>Elaz\u0131\u011f Ticaret ve Sanayi Odas\u0131<\/p>\n\n\n\n<p class=\"wp-block-paragraph\"><\/p>\n","protected":false},"excerpt":{"rendered":"<p>Say\u0131n \u00dcyemiz,TOBB taraf\u0131ndan Odam\u0131za g\u00f6nderilen yaz\u0131ya atfen, Birli\u011fimize iletilen Ticaret Bakanl\u0131\u011f\u0131n\u0131n 21.08.2026 tarihli ve 00125537067 say\u0131l\u0131 yaz\u0131s\u0131nda; \u0130lgide kay\u0131tl\u0131 yaz\u0131da Arnavutluk T\u00fcrkiye Ticaret ve Sanayi Odas\u0131 (ATTSO) taraf\u0131ndan 9 Ekim 2026 tarihinde Arnavutluk&#8217;un ba\u015fkenti Tiran&#8217;daki Kongre Saray\u0131&#8217;nda, Arnavutluk, T\u00fcrkiye, Kosova, Kuzey Makedonya ve Karada\u011f&#8217;da yerle\u015fik firma ve sekt\u00f6r kurulu\u015flar\u0131na y\u00f6nelik olarak &#8220;Balkan \u0130\u015f Forumu&#8221;nun d\u00fczenlenece\u011fi [&hellip;]<\/p>\n","protected":false},"author":5,"featured_media":6585,"comment_status":"closed","ping_status":"closed","sticky":false,"template":"","format":"standard","meta":{"_jetpack_memberships_contains_paid_content":false,"footnotes":""},"categories":[3],"tags":[],"class_list":["post-10469","post","type-post","status-publish","format-standard","has-post-thumbnail","hentry","category-duyuru"],"jetpack_sharing_enabled":true,"jetpack_featured_media_url":"https:\/\/elazigtso.org.tr\/tr\/wp-content\/uploads\/2023\/11\/logo_news-80.jpg","_links":{"self":[{"href":"https:\/\/elazigtso.org.tr\/tr\/index.php\/wp-json\/wp\/v2\/posts\/10469","targetHints":{"allow":["GET"]}}],"collection":[{"href":"https:\/\/elazigtso.org.tr\/tr\/index.php\/wp-json\/wp\/v2\/posts"}],"about":[{"href":"https:\/\/elazigtso.org.tr\/tr\/index.php\/wp-json\/wp\/v2\/types\/post"}],"author":[{"embeddable":true,"href":"https:\/\/elazigtso.org.tr\/tr\/index.php\/wp-json\/wp\/v2\/users\/5"}],"replies":[{"embeddable":true,"href":"https:\/\/elazigtso.org.tr\/tr\/index.php\/wp-json\/wp\/v2\/comments?post=10469"}],"version-history":[{"count":1,"href":"https:\/\/elazigtso.org.tr\/tr\/index.php\/wp-json\/wp\/v2\/posts\/10469\/revisions"}],"predecessor-version":[{"id":10470,"href":"https:\/\/elazigtso.org.tr\/tr\/index.php\/wp-json\/wp\/v2\/posts\/10469\/revisions\/10470"}],"wp:featuredmedia":[{"embeddable":true,"href":"https:\/\/elazigtso.org.tr\/tr\/index.php\/wp-json\/wp\/v2\/media\/6585"}],"wp:attachment":[{"href":"https:\/\/elazigtso.org.tr\/tr\/index.php\/wp-json\/wp\/v2\/media?parent=10469"}],"wp:term":[{"taxonomy":"category","embeddable":true,"href":"https:\/\/elazigtso.org.tr\/tr\/index.php\/wp-json\/wp\/v2\/categories?post=10469"},{"taxonomy":"post_tag","embeddable":true,"href":"https:\/\/elazigtso.org.tr\/tr\/index.php\/wp-json\/wp\/v2\/tags?post=10469"}],"curies":[{"name":"wp","href":"https:\/\/api.w.org\/{rel}","templated":true}]}}