{"id":10048,"date":"2026-04-23T16:11:49","date_gmt":"2026-04-23T13:11:49","guid":{"rendered":"https:\/\/elazigtso.org.tr\/tr\/?p=10048"},"modified":"2026-04-29T10:55:55","modified_gmt":"2026-04-29T07:55:55","slug":"turkiye-belcika-ekonomi-forumu-13-mayis-2026","status":"publish","type":"post","link":"https:\/\/elazigtso.org.tr\/tr\/index.php\/2026\/04\/23\/turkiye-belcika-ekonomi-forumu-13-mayis-2026\/","title":{"rendered":"T\u00fcrkiye &#8211; Bel\u00e7ika Ekonomi Forumu, 13 May\u0131s 2026"},"content":{"rendered":"\n<p>Say\u0131n \u00dcyemiz,<br>TOBB taraf\u0131ndan Odam\u0131za g\u00f6nderilen yaz\u0131ya atfen, Bel\u00e7ika Ba\u015fbakan Yard\u0131mc\u0131s\u0131 ve D\u0131\u015fi\u015fleri Bakan\u0131 Maxime Pr\u00e9vot&#8217;un ba\u015fkanl\u0131\u011f\u0131ndaki Bel\u00e7ikal\u0131 i\u015f insanlar\u0131ndan olu\u015fan bir heyetin kat\u0131l\u0131m\u0131yla, Birli\u011fimiz ev sahipli\u011finde, 13 May\u0131s 2026 \u00c7ar\u015famba g\u00fcn\u00fc, 17.00-18.30 saatleri aras\u0131nda T\u00fcrkiye\u2013Bel\u00e7ika Ekonomi Forumu d\u00fczenlenecektir. Bahse konu etkinlik kapsam\u0131nda in\u015faat ve m\u00fchendislik, ula\u015ft\u0131rma ve lojistik, dijitalle\u015fme ve bili\u015fim hizmetleri, temiz teknolojiler, g\u0131da ve i\u00e7ecek, kimya ve ila\u00e7 ile finansal hizmetler sekt\u00f6rlerinde faaliyet g\u00f6steren Bel\u00e7ikal\u0131 firma temsilcileri ile g\u00f6r\u00fc\u015fme imkan\u0131<br>sa\u011flanacakt\u0131r.<br>T\u00fcrkiye\u2013Bel\u00e7ika Ekonomi Forumu&#8217;na kat\u0131l\u0131m i\u00e7in <strong>11 May\u0131s 2026 g\u00fcn\u00fc saat 18.00&#8217;e kadar <\/strong><a href=\"https:\/\/anket.tobb.org.tr\/#\/anket\/turkiye-belgium-economic-forum-2\">https:\/\/anket.tobb.org.tr\/#\/anket\/turkiye-belgium-economic-forum-2<\/a> adresindeki formun \u0130ngilizce olarak doldurulmas\u0131 gerekmektedir.<\/p>\n\n\n\n<p>Sayg\u0131lar\u0131m\u0131zla,<br>Elaz\u0131\u011f Ticaret ve Sanayi Odas\u0131<\/p>\n","protected":false},"excerpt":{"rendered":"<p>Say\u0131n \u00dcyemiz,TOBB taraf\u0131ndan Odam\u0131za g\u00f6nderilen yaz\u0131ya atfen, Bel\u00e7ika Ba\u015fbakan Yard\u0131mc\u0131s\u0131 ve D\u0131\u015fi\u015fleri Bakan\u0131 Maxime Pr\u00e9vot&#8217;un ba\u015fkanl\u0131\u011f\u0131ndaki Bel\u00e7ikal\u0131 i\u015f insanlar\u0131ndan olu\u015fan bir heyetin kat\u0131l\u0131m\u0131yla, Birli\u011fimiz ev sahipli\u011finde, 13 May\u0131s 2026 \u00c7ar\u015famba g\u00fcn\u00fc, 17.00-18.30 saatleri aras\u0131nda T\u00fcrkiye\u2013Bel\u00e7ika Ekonomi Forumu d\u00fczenlenecektir. Bahse konu etkinlik kapsam\u0131nda in\u015faat ve m\u00fchendislik, ula\u015ft\u0131rma ve lojistik, dijitalle\u015fme ve bili\u015fim hizmetleri, temiz teknolojiler, g\u0131da [&hellip;]<\/p>\n","protected":false},"author":5,"featured_media":6585,"comment_status":"closed","ping_status":"closed","sticky":false,"template":"","format":"standard","meta":{"_jetpack_memberships_contains_paid_content":false,"footnotes":""},"categories":[3],"tags":[],"class_list":["post-10048","post","type-post","status-publish","format-standard","has-post-thumbnail","hentry","category-duyuru"],"jetpack_sharing_enabled":true,"jetpack_featured_media_url":"https:\/\/elazigtso.org.tr\/tr\/wp-content\/uploads\/2023\/11\/logo_news-80.jpg","_links":{"self":[{"href":"https:\/\/elazigtso.org.tr\/tr\/index.php\/wp-json\/wp\/v2\/posts\/10048","targetHints":{"allow":["GET"]}}],"collection":[{"href":"https:\/\/elazigtso.org.tr\/tr\/index.php\/wp-json\/wp\/v2\/posts"}],"about":[{"href":"https:\/\/elazigtso.org.tr\/tr\/index.php\/wp-json\/wp\/v2\/types\/post"}],"author":[{"embeddable":true,"href":"https:\/\/elazigtso.org.tr\/tr\/index.php\/wp-json\/wp\/v2\/users\/5"}],"replies":[{"embeddable":true,"href":"https:\/\/elazigtso.org.tr\/tr\/index.php\/wp-json\/wp\/v2\/comments?post=10048"}],"version-history":[{"count":1,"href":"https:\/\/elazigtso.org.tr\/tr\/index.php\/wp-json\/wp\/v2\/posts\/10048\/revisions"}],"predecessor-version":[{"id":10049,"href":"https:\/\/elazigtso.org.tr\/tr\/index.php\/wp-json\/wp\/v2\/posts\/10048\/revisions\/10049"}],"wp:featuredmedia":[{"embeddable":true,"href":"https:\/\/elazigtso.org.tr\/tr\/index.php\/wp-json\/wp\/v2\/media\/6585"}],"wp:attachment":[{"href":"https:\/\/elazigtso.org.tr\/tr\/index.php\/wp-json\/wp\/v2\/media?parent=10048"}],"wp:term":[{"taxonomy":"category","embeddable":true,"href":"https:\/\/elazigtso.org.tr\/tr\/index.php\/wp-json\/wp\/v2\/categories?post=10048"},{"taxonomy":"post_tag","embeddable":true,"href":"https:\/\/elazigtso.org.tr\/tr\/index.php\/wp-json\/wp\/v2\/tags?post=10048"}],"curies":[{"name":"wp","href":"https:\/\/api.w.org\/{rel}","templated":true}]}}